{"id":1278,"date":"2017-12-24T13:46:29","date_gmt":"2017-12-24T12:46:29","guid":{"rendered":"http:\/\/www.jagd-amberg.de\/?p=1278"},"modified":"2023-03-25T13:07:28","modified_gmt":"2023-03-25T12:07:28","slug":"grosser-erfolg-fuer-den-bayerischen-jagdverband","status":"publish","type":"post","link":"https:\/\/www.jagd-amberg.de\/?p=1278","title":{"rendered":"Gro\u00dfer Erfolg f\u00fcr den Bayerischen Jagdverband"},"content":{"rendered":"<p>Die Bayerische Staatsregierung hat ein Ma\u00dfnahmenpaket erlassen zur Seuchenpr\u00e4vention vor der Afrikanischen Schweinepest . Danach setzt das Bayerische Umweltministerium unter anderem auch auf die Reduktion der hohen Wildschweindichte und die Kooperation mit den J\u00e4gern. F\u00fcr die Erlegung von Frischlingen und \u00dcberl\u00e4ufern sollen J\u00e4ger ab 2018 eine zus\u00e4tzliche Verg\u00fctung in H\u00f6he von 20 Euro pro Tier erhalten<\/p>\n<p>Au\u00dferdem hat die Bayerische Staatsregierung eine Art Fr\u00fchwarnsystem auf den Weg gebracht. Dabei sollen Wildschweine, die verendet aufgefunden werden, auf ASP \u2013Viren untersucht werden. Auch daf\u00fcr gibt es eine Aufwandsentsch\u00e4digung von 20 Euro pro Tier.<\/p>\n<p>Wie funktionierts? Die Einzelheiten zur Abwicklung werden so schnell wie m\u00f6glich bekannt gegeben.<\/p>\n<p><em>BJV Referat \u00d6ffentlichkeitsarbeit und Presse<\/em><\/p>\n","protected":false},"excerpt":{"rendered":"<p>Die Bayerische Staatsregierung hat ein Ma\u00dfnahmenpaket erlassen zur Seuchenpr\u00e4vention vor der Afrikanischen Schweinepest . Danach setzt das Bayerische Umweltministerium unter anderem auch auf die Reduktion der hohen Wildschweindichte und die Kooperation mit den&#46;&#46;&#46;<\/p>\n","protected":false},"author":1,"featured_media":686,"comment_status":"open","ping_status":"open","sticky":false,"template":"","format":"standard","meta":[],"categories":[1],"tags":[67,93],"_links":{"self":[{"href":"https:\/\/www.jagd-amberg.de\/index.php?rest_route=\/wp\/v2\/posts\/1278"}],"collection":[{"href":"https:\/\/www.jagd-amberg.de\/index.php?rest_route=\/wp\/v2\/posts"}],"about":[{"href":"https:\/\/www.jagd-amberg.de\/index.php?rest_route=\/wp\/v2\/types\/post"}],"author":[{"embeddable":true,"href":"https:\/\/www.jagd-amberg.de\/index.php?rest_route=\/wp\/v2\/users\/1"}],"replies":[{"embeddable":true,"href":"https:\/\/www.jagd-amberg.de\/index.php?rest_route=%2Fwp%2Fv2%2Fcomments&post=1278"}],"version-history":[{"count":2,"href":"https:\/\/www.jagd-amberg.de\/index.php?rest_route=\/wp\/v2\/posts\/1278\/revisions"}],"predecessor-version":[{"id":1280,"href":"https:\/\/www.jagd-amberg.de\/index.php?rest_route=\/wp\/v2\/posts\/1278\/revisions\/1280"}],"wp:featuredmedia":[{"embeddable":true,"href":"https:\/\/www.jagd-amberg.de\/index.php?rest_route=\/wp\/v2\/media\/686"}],"wp:attachment":[{"href":"https:\/\/www.jagd-amberg.de\/index.php?rest_route=%2Fwp%2Fv2%2Fmedia&parent=1278"}],"wp:term":[{"taxonomy":"category","embeddable":true,"href":"https:\/\/www.jagd-amberg.de\/index.php?rest_route=%2Fwp%2Fv2%2Fcategories&post=1278"},{"taxonomy":"post_tag","embeddable":true,"href":"https:\/\/www.jagd-amberg.de\/index.php?rest_route=%2Fwp%2Fv2%2Ftags&post=1278"}],"curies":[{"name":"wp","href":"https:\/\/api.w.org\/{rel}","templated":true}]}}