{"id":1639,"date":"2019-08-13T22:16:38","date_gmt":"2019-08-13T20:16:38","guid":{"rendered":"http:\/\/www.jagd-amberg.de\/?p=1639"},"modified":"2020-02-04T20:59:52","modified_gmt":"2020-02-04T19:59:52","slug":"projekt-der-wildland-stiftung-erfolgreich-abgeschlossen","status":"publish","type":"post","link":"https:\/\/www.jagd-amberg.de\/?p=1639","title":{"rendered":"Projekt der Wildland-Stiftung erfolgreich abgeschlossen"},"content":{"rendered":"<p style=\"text-align: left;\">Das Wildlandprojekt &#8220;Renaturierung einer Weiheranlage am Hennenbach&#8221; wurde erfolgreich abgeschlossen und der \u00d6ffentlichkeit vorgestellt.<\/p>\n<p>Hier ein Kurz\u00fcberblick \u00fcber das Projekt:<\/p>\n<p><img loading=\"lazy\" class=\"aligncenter wp-image-1679 size-large\" src=\"http:\/\/www.jagd-amberg.de\/wp-content\/uploads\/2019\/08\/2019-Projektposter-768x1024.jpg\" alt=\"2019-Projektposter\" width=\"768\" height=\"1024\" srcset=\"https:\/\/www.jagd-amberg.de\/wp-content\/uploads\/2019\/08\/2019-Projektposter-768x1024.jpg 768w, https:\/\/www.jagd-amberg.de\/wp-content\/uploads\/2019\/08\/2019-Projektposter-225x300.jpg 225w, https:\/\/www.jagd-amberg.de\/wp-content\/uploads\/2019\/08\/2019-Projektposter.jpg 1008w\" sizes=\"(max-width: 768px) 100vw, 768px\" \/><\/p>\n\n<p class=\"gde-text\"><a href=\"http:\/\/www.jagd-amberg.de\/wp-content\/uploads\/2019\/08\/2019-Wildlandposter-Folie-2.pdf\" class=\"gde-link\">Download (PDF, 12.64MB)<\/a><\/p>\n<p>&nbsp;<\/p>\n<p><img loading=\"lazy\" class=\"size-medium wp-image-1662 alignleft\" src=\"http:\/\/www.jagd-amberg.de\/wp-content\/uploads\/2019\/08\/L1130187-300x225.jpg\" alt=\"L1130187\" width=\"300\" height=\"225\" srcset=\"https:\/\/www.jagd-amberg.de\/wp-content\/uploads\/2019\/08\/L1130187-300x225.jpg 300w, https:\/\/www.jagd-amberg.de\/wp-content\/uploads\/2019\/08\/L1130187-768x576.jpg 768w, https:\/\/www.jagd-amberg.de\/wp-content\/uploads\/2019\/08\/L1130187-1024x768.jpg 1024w\" sizes=\"(max-width: 300px) 100vw, 300px\" \/>Die Veranstaltung bot allen Beteiligten Gelegenheit zum Meinungsaustausch: J\u00e4ger und Jagdgenossen, Stiftung, Landrat und Landratsamt, BJV (Kreis, Bezirk und Land) und LPV sowie nat\u00fcrlich die Medien konnten bei einer Besichtigung der Ma\u00dfnahme und anschlie\u00dfender kleiner Brotzeit sich kennen lernen, fachsimpeln oder sich einfach informieren.<\/p>\n<p>&nbsp;<\/p>\n<p>Die regionalen Medien haben die Sache der Stiftung und den Beitrag von J\u00e4gerschaft und Landratsamt mit einer umfassenden Berichterstattung \u00f6ffentlich verbreitet.<\/p>\n<p>Hier der sch\u00f6ne Beitrag von OTV:<\/p>\n<div style=\"width: 1440px;\" class=\"wp-video\"><!--[if lt IE 9]><script>document.createElement('video');<\/script><![endif]-->\n<video class=\"wp-video-shortcode\" id=\"video-1639-1\" width=\"1440\" height=\"1080\" preload=\"metadata\" controls=\"controls\"><source type=\"video\/mp4\" src=\"http:\/\/www.jagd-amberg.de\/wp-content\/uploads\/2019\/08\/OTV-Filmbeitrag.mp4?_=1\" \/><a href=\"http:\/\/www.jagd-amberg.de\/wp-content\/uploads\/2019\/08\/OTV-Filmbeitrag.mp4\">http:\/\/www.jagd-amberg.de\/wp-content\/uploads\/2019\/08\/OTV-Filmbeitrag.mp4<\/a><\/video><\/div>\n<p>&nbsp;<\/p>\n<p>Auch im O-Netz findet sich ein guter Artikel:<\/p>\n<p><a href=\"https:\/\/www.onetz.de\/oberpfalz\/wutschdorf-freudenberg\/wildland-stiftung-renaturiert-fischteiche-wutschdorf-id2813023.html\">Beitrag ONetz<\/a><\/p>\n<p>&nbsp;<\/p>\n<p>Nicht zuletzt auch eine Meldung im BR:<\/p>\n<p><a href=\"https:\/\/www.br.de\/nachrichten\/bayern\/renaturierung-von-fischteichen-bei-freudenberg-abgeschlossen,RYNEmeo\">BR-Meldung<\/a><\/p>\n<p>&nbsp;<\/p>\n<p>Hier noch einige Impressionen von der renaturierten Anlage:<\/p>\n<p><img loading=\"lazy\" class=\"aligncenter size-large wp-image-1694\" src=\"http:\/\/www.jagd-amberg.de\/wp-content\/uploads\/2019\/08\/Heidelibelle-e1567162508482-1024x683.jpg\" alt=\"Heidelibelle\" width=\"1024\" height=\"683\" srcset=\"https:\/\/www.jagd-amberg.de\/wp-content\/uploads\/2019\/08\/Heidelibelle-e1567162508482-1024x683.jpg 1024w, https:\/\/www.jagd-amberg.de\/wp-content\/uploads\/2019\/08\/Heidelibelle-e1567162508482-300x200.jpg 300w, https:\/\/www.jagd-amberg.de\/wp-content\/uploads\/2019\/08\/Heidelibelle-e1567162508482-768x512.jpg 768w, https:\/\/www.jagd-amberg.de\/wp-content\/uploads\/2019\/08\/Heidelibelle-e1567162508482-272x182.jpg 272w\" sizes=\"(max-width: 1024px) 100vw, 1024px\" \/><\/p>\n<p><img loading=\"lazy\" class=\"aligncenter size-large wp-image-1697\" src=\"http:\/\/www.jagd-amberg.de\/wp-content\/uploads\/2019\/08\/DSCF1353-1024x683.jpg\" alt=\"Teiche 1 und 2\" width=\"1024\" height=\"683\" srcset=\"https:\/\/www.jagd-amberg.de\/wp-content\/uploads\/2019\/08\/DSCF1353-1024x683.jpg 1024w, https:\/\/www.jagd-amberg.de\/wp-content\/uploads\/2019\/08\/DSCF1353-300x200.jpg 300w, https:\/\/www.jagd-amberg.de\/wp-content\/uploads\/2019\/08\/DSCF1353-768x512.jpg 768w, https:\/\/www.jagd-amberg.de\/wp-content\/uploads\/2019\/08\/DSCF1353-272x182.jpg 272w\" sizes=\"(max-width: 1024px) 100vw, 1024px\" \/><\/p>\n<p><img loading=\"lazy\" class=\"aligncenter size-large wp-image-1696\" src=\"http:\/\/www.jagd-amberg.de\/wp-content\/uploads\/2019\/08\/DSCF1368-1024x683.jpg\" alt=\"2019 Teich 2\" width=\"1024\" height=\"683\" srcset=\"https:\/\/www.jagd-amberg.de\/wp-content\/uploads\/2019\/08\/DSCF1368-1024x683.jpg 1024w, https:\/\/www.jagd-amberg.de\/wp-content\/uploads\/2019\/08\/DSCF1368-300x200.jpg 300w, https:\/\/www.jagd-amberg.de\/wp-content\/uploads\/2019\/08\/DSCF1368-768x512.jpg 768w, https:\/\/www.jagd-amberg.de\/wp-content\/uploads\/2019\/08\/DSCF1368-272x182.jpg 272w\" sizes=\"(max-width: 1024px) 100vw, 1024px\" \/><\/p>\n<p><img loading=\"lazy\" class=\"aligncenter size-large wp-image-1685\" src=\"http:\/\/www.jagd-amberg.de\/wp-content\/uploads\/2019\/08\/2019-Froschl\u00f6ffel-1024x683.jpg\" alt=\"2019 Froschl\u00f6ffel\" width=\"1024\" height=\"683\" srcset=\"https:\/\/www.jagd-amberg.de\/wp-content\/uploads\/2019\/08\/2019-Froschl\u00f6ffel-1024x683.jpg 1024w, https:\/\/www.jagd-amberg.de\/wp-content\/uploads\/2019\/08\/2019-Froschl\u00f6ffel-300x200.jpg 300w, https:\/\/www.jagd-amberg.de\/wp-content\/uploads\/2019\/08\/2019-Froschl\u00f6ffel-768x512.jpg 768w, https:\/\/www.jagd-amberg.de\/wp-content\/uploads\/2019\/08\/2019-Froschl\u00f6ffel-272x182.jpg 272w\" sizes=\"(max-width: 1024px) 100vw, 1024px\" \/><\/p>\n<p><img loading=\"lazy\" class=\"aligncenter size-large wp-image-1686\" src=\"http:\/\/www.jagd-amberg.de\/wp-content\/uploads\/2019\/08\/2019-Distelfalter-auf-Blutweiderich-1024x683.jpg\" alt=\"2019 Distelfalter auf Blutweiderich\" width=\"1024\" height=\"683\" srcset=\"https:\/\/www.jagd-amberg.de\/wp-content\/uploads\/2019\/08\/2019-Distelfalter-auf-Blutweiderich-1024x683.jpg 1024w, https:\/\/www.jagd-amberg.de\/wp-content\/uploads\/2019\/08\/2019-Distelfalter-auf-Blutweiderich-300x200.jpg 300w, https:\/\/www.jagd-amberg.de\/wp-content\/uploads\/2019\/08\/2019-Distelfalter-auf-Blutweiderich-768x512.jpg 768w, https:\/\/www.jagd-amberg.de\/wp-content\/uploads\/2019\/08\/2019-Distelfalter-auf-Blutweiderich-272x182.jpg 272w\" sizes=\"(max-width: 1024px) 100vw, 1024px\" \/><\/p>\n<p><img loading=\"lazy\" class=\"aligncenter size-large wp-image-1687\" src=\"http:\/\/www.jagd-amberg.de\/wp-content\/uploads\/2019\/08\/2019-Libelle-auf-Binse-1024x683.jpg\" alt=\"2019 Libelle auf Binse\" width=\"1024\" height=\"683\" srcset=\"https:\/\/www.jagd-amberg.de\/wp-content\/uploads\/2019\/08\/2019-Libelle-auf-Binse-1024x683.jpg 1024w, https:\/\/www.jagd-amberg.de\/wp-content\/uploads\/2019\/08\/2019-Libelle-auf-Binse-300x200.jpg 300w, https:\/\/www.jagd-amberg.de\/wp-content\/uploads\/2019\/08\/2019-Libelle-auf-Binse-768x512.jpg 768w, https:\/\/www.jagd-amberg.de\/wp-content\/uploads\/2019\/08\/2019-Libelle-auf-Binse-272x182.jpg 272w\" sizes=\"(max-width: 1024px) 100vw, 1024px\" \/><\/p>\n<p><img loading=\"lazy\" class=\"aligncenter size-large wp-image-1688\" src=\"http:\/\/www.jagd-amberg.de\/wp-content\/uploads\/2019\/08\/2019-Hennenbach-Steilufer-1024x683.jpg\" alt=\"2019 Hennenbach Steilufer\" width=\"1024\" height=\"683\" srcset=\"https:\/\/www.jagd-amberg.de\/wp-content\/uploads\/2019\/08\/2019-Hennenbach-Steilufer-1024x683.jpg 1024w, https:\/\/www.jagd-amberg.de\/wp-content\/uploads\/2019\/08\/2019-Hennenbach-Steilufer-300x200.jpg 300w, https:\/\/www.jagd-amberg.de\/wp-content\/uploads\/2019\/08\/2019-Hennenbach-Steilufer-768x512.jpg 768w, https:\/\/www.jagd-amberg.de\/wp-content\/uploads\/2019\/08\/2019-Hennenbach-Steilufer-272x182.jpg 272w\" sizes=\"(max-width: 1024px) 100vw, 1024px\" \/><\/p>\n<p><img loading=\"lazy\" class=\"aligncenter size-large wp-image-1689\" src=\"http:\/\/www.jagd-amberg.de\/wp-content\/uploads\/2019\/08\/Kreuzotter-LPV-1024x698.jpg\" alt=\"Kreuzotter LPV\" width=\"1024\" height=\"698\" srcset=\"https:\/\/www.jagd-amberg.de\/wp-content\/uploads\/2019\/08\/Kreuzotter-LPV-1024x698.jpg 1024w, https:\/\/www.jagd-amberg.de\/wp-content\/uploads\/2019\/08\/Kreuzotter-LPV-300x205.jpg 300w, https:\/\/www.jagd-amberg.de\/wp-content\/uploads\/2019\/08\/Kreuzotter-LPV-768x524.jpg 768w, https:\/\/www.jagd-amberg.de\/wp-content\/uploads\/2019\/08\/Kreuzotter-LPV.jpg 1056w\" sizes=\"(max-width: 1024px) 100vw, 1024px\" \/><\/p>\n<p><img loading=\"lazy\" class=\"aligncenter size-large wp-image-1690\" src=\"http:\/\/www.jagd-amberg.de\/wp-content\/uploads\/2019\/08\/2019-H\u00fcpferling-1024x683.jpg\" alt=\"2019 H\u00fcpferling\" width=\"1024\" height=\"683\" srcset=\"https:\/\/www.jagd-amberg.de\/wp-content\/uploads\/2019\/08\/2019-H\u00fcpferling-1024x683.jpg 1024w, https:\/\/www.jagd-amberg.de\/wp-content\/uploads\/2019\/08\/2019-H\u00fcpferling-300x200.jpg 300w, https:\/\/www.jagd-amberg.de\/wp-content\/uploads\/2019\/08\/2019-H\u00fcpferling-768x512.jpg 768w, https:\/\/www.jagd-amberg.de\/wp-content\/uploads\/2019\/08\/2019-H\u00fcpferling-272x182.jpg 272w\" sizes=\"(max-width: 1024px) 100vw, 1024px\" \/><\/p>\n<p><img loading=\"lazy\" class=\"aligncenter size-large wp-image-1691\" src=\"http:\/\/www.jagd-amberg.de\/wp-content\/uploads\/2019\/08\/Bild-Lehmeier-Feuersalamander-1024x766.jpg\" alt=\"Bild Lehmeier Feuersalamander\" width=\"1024\" height=\"766\" srcset=\"https:\/\/www.jagd-amberg.de\/wp-content\/uploads\/2019\/08\/Bild-Lehmeier-Feuersalamander-1024x766.jpg 1024w, https:\/\/www.jagd-amberg.de\/wp-content\/uploads\/2019\/08\/Bild-Lehmeier-Feuersalamander-300x224.jpg 300w, https:\/\/www.jagd-amberg.de\/wp-content\/uploads\/2019\/08\/Bild-Lehmeier-Feuersalamander-768x575.jpg 768w\" sizes=\"(max-width: 1024px) 100vw, 1024px\" \/><\/p>\n<p><img loading=\"lazy\" class=\"aligncenter size-large wp-image-1682\" src=\"http:\/\/www.jagd-amberg.de\/wp-content\/uploads\/2019\/08\/2019-\u00e4sende-Gei\u00df-1024x683.jpg\" alt=\"2019 \u00e4sende Gei\u00df\" width=\"1024\" height=\"683\" srcset=\"https:\/\/www.jagd-amberg.de\/wp-content\/uploads\/2019\/08\/2019-\u00e4sende-Gei\u00df-1024x683.jpg 1024w, https:\/\/www.jagd-amberg.de\/wp-content\/uploads\/2019\/08\/2019-\u00e4sende-Gei\u00df-300x200.jpg 300w, https:\/\/www.jagd-amberg.de\/wp-content\/uploads\/2019\/08\/2019-\u00e4sende-Gei\u00df-768x512.jpg 768w, https:\/\/www.jagd-amberg.de\/wp-content\/uploads\/2019\/08\/2019-\u00e4sende-Gei\u00df-272x182.jpg 272w\" sizes=\"(max-width: 1024px) 100vw, 1024px\" \/><\/p>\n<p><img loading=\"lazy\" class=\"aligncenter size-large wp-image-1692\" src=\"http:\/\/www.jagd-amberg.de\/wp-content\/uploads\/2019\/08\/2019-Wiesenkerbel-1024x683.jpg\" alt=\"2019 Wiesenkerbel\" width=\"1024\" height=\"683\" srcset=\"https:\/\/www.jagd-amberg.de\/wp-content\/uploads\/2019\/08\/2019-Wiesenkerbel-1024x683.jpg 1024w, https:\/\/www.jagd-amberg.de\/wp-content\/uploads\/2019\/08\/2019-Wiesenkerbel-300x200.jpg 300w, https:\/\/www.jagd-amberg.de\/wp-content\/uploads\/2019\/08\/2019-Wiesenkerbel-768x512.jpg 768w, https:\/\/www.jagd-amberg.de\/wp-content\/uploads\/2019\/08\/2019-Wiesenkerbel-272x182.jpg 272w\" sizes=\"(max-width: 1024px) 100vw, 1024px\" \/><\/p>\n<p><img loading=\"lazy\" class=\"aligncenter size-large wp-image-1693\" src=\"http:\/\/www.jagd-amberg.de\/wp-content\/uploads\/2019\/08\/2019-Junge-Reiherente-e1567162015424-1024x684.jpg\" alt=\"2019 Junge Reiherente\" width=\"1024\" height=\"684\" srcset=\"https:\/\/www.jagd-amberg.de\/wp-content\/uploads\/2019\/08\/2019-Junge-Reiherente-e1567162015424-1024x684.jpg 1024w, https:\/\/www.jagd-amberg.de\/wp-content\/uploads\/2019\/08\/2019-Junge-Reiherente-e1567162015424-300x200.jpg 300w, https:\/\/www.jagd-amberg.de\/wp-content\/uploads\/2019\/08\/2019-Junge-Reiherente-e1567162015424-768x513.jpg 768w, https:\/\/www.jagd-amberg.de\/wp-content\/uploads\/2019\/08\/2019-Junge-Reiherente-e1567162015424-272x182.jpg 272w, https:\/\/www.jagd-amberg.de\/wp-content\/uploads\/2019\/08\/2019-Junge-Reiherente-e1567162015424.jpg 1705w\" sizes=\"(max-width: 1024px) 100vw, 1024px\" \/><\/p>\n<p><img loading=\"lazy\" class=\"aligncenter size-large wp-image-1683\" src=\"http:\/\/www.jagd-amberg.de\/wp-content\/uploads\/2019\/08\/2019-Libelle-auf-Brennessel-1024x683.jpg\" alt=\"2019 Libelle auf Brennessel\" width=\"1024\" height=\"683\" srcset=\"https:\/\/www.jagd-amberg.de\/wp-content\/uploads\/2019\/08\/2019-Libelle-auf-Brennessel-1024x683.jpg 1024w, https:\/\/www.jagd-amberg.de\/wp-content\/uploads\/2019\/08\/2019-Libelle-auf-Brennessel-300x200.jpg 300w, https:\/\/www.jagd-amberg.de\/wp-content\/uploads\/2019\/08\/2019-Libelle-auf-Brennessel-768x512.jpg 768w, https:\/\/www.jagd-amberg.de\/wp-content\/uploads\/2019\/08\/2019-Libelle-auf-Brennessel-272x182.jpg 272w\" sizes=\"(max-width: 1024px) 100vw, 1024px\" \/><\/p>\n<p><img loading=\"lazy\" class=\"aligncenter size-large wp-image-1684\" src=\"http:\/\/www.jagd-amberg.de\/wp-content\/uploads\/2019\/08\/2019-Weg-als-Trockenstandort-1024x683.jpg\" alt=\"2019 Weg als Trockenstandort\" width=\"1024\" height=\"683\" srcset=\"https:\/\/www.jagd-amberg.de\/wp-content\/uploads\/2019\/08\/2019-Weg-als-Trockenstandort-1024x683.jpg 1024w, https:\/\/www.jagd-amberg.de\/wp-content\/uploads\/2019\/08\/2019-Weg-als-Trockenstandort-300x200.jpg 300w, https:\/\/www.jagd-amberg.de\/wp-content\/uploads\/2019\/08\/2019-Weg-als-Trockenstandort-768x512.jpg 768w, https:\/\/www.jagd-amberg.de\/wp-content\/uploads\/2019\/08\/2019-Weg-als-Trockenstandort-272x182.jpg 272w\" sizes=\"(max-width: 1024px) 100vw, 1024px\" \/><\/p>\n","protected":false},"excerpt":{"rendered":"<p>Das Wildlandprojekt &#8220;Renaturierung einer Weiheranlage am Hennenbach&#8221; wurde erfolgreich abgeschlossen und der \u00d6ffentlichkeit vorgestellt. Hier ein Kurz\u00fcberblick \u00fcber das Projekt: &nbsp; Die Veranstaltung bot allen Beteiligten Gelegenheit zum Meinungsaustausch: J\u00e4ger und Jagdgenossen, Stiftung,&#46;&#46;&#46;<\/p>\n","protected":false},"author":1,"featured_media":1663,"comment_status":"open","ping_status":"open","sticky":false,"template":"","format":"standard","meta":[],"categories":[1,30],"tags":[31,68],"_links":{"self":[{"href":"https:\/\/www.jagd-amberg.de\/index.php?rest_route=\/wp\/v2\/posts\/1639"}],"collection":[{"href":"https:\/\/www.jagd-amberg.de\/index.php?rest_route=\/wp\/v2\/posts"}],"about":[{"href":"https:\/\/www.jagd-amberg.de\/index.php?rest_route=\/wp\/v2\/types\/post"}],"author":[{"embeddable":true,"href":"https:\/\/www.jagd-amberg.de\/index.php?rest_route=\/wp\/v2\/users\/1"}],"replies":[{"embeddable":true,"href":"https:\/\/www.jagd-amberg.de\/index.php?rest_route=%2Fwp%2Fv2%2Fcomments&post=1639"}],"version-history":[{"count":25,"href":"https:\/\/www.jagd-amberg.de\/index.php?rest_route=\/wp\/v2\/posts\/1639\/revisions"}],"predecessor-version":[{"id":1726,"href":"https:\/\/www.jagd-amberg.de\/index.php?rest_route=\/wp\/v2\/posts\/1639\/revisions\/1726"}],"wp:featuredmedia":[{"embeddable":true,"href":"https:\/\/www.jagd-amberg.de\/index.php?rest_route=\/wp\/v2\/media\/1663"}],"wp:attachment":[{"href":"https:\/\/www.jagd-amberg.de\/index.php?rest_route=%2Fwp%2Fv2%2Fmedia&parent=1639"}],"wp:term":[{"taxonomy":"category","embeddable":true,"href":"https:\/\/www.jagd-amberg.de\/index.php?rest_route=%2Fwp%2Fv2%2Fcategories&post=1639"},{"taxonomy":"post_tag","embeddable":true,"href":"https:\/\/www.jagd-amberg.de\/index.php?rest_route=%2Fwp%2Fv2%2Ftags&post=1639"}],"curies":[{"name":"wp","href":"https:\/\/api.w.org\/{rel}","templated":true}]}}