{"id":2025,"date":"2020-03-18T23:09:00","date_gmt":"2020-03-18T22:09:00","guid":{"rendered":"https:\/\/www.jagd-amberg.de\/?p=2025"},"modified":"2020-03-18T23:09:00","modified_gmt":"2020-03-18T22:09:00","slug":"veranstaltungen-entfallen-auf-grund-corona-massnahmen","status":"publish","type":"post","link":"https:\/\/www.jagd-amberg.de\/?p=2025","title":{"rendered":"Veranstaltungen entfallen auf Grund Corona-Ma\u00dfnahmen"},"content":{"rendered":"<p>Auf Grund der aktuellen Ma\u00dfnahmen zur Eind\u00e4mmung des Corona-Virus m\u00fcssen alle Veranstaltungen der Kreisgruppe bis 17.04.2020 entfallen. Wie es danach weitergeht kann zum jetzigen Zeitpunkt nicht gesagt werden. \u00dcber m\u00f6gliche Ersatztermine informieren wir Sie hier, per E-Mail sowie per Rundschreiben, sobald eine Entspannung der Lage abzusehen ist.<\/p>\n<p>Hier kommen Sie zum <a href=\"https:\/\/www.jagd-amberg.de\/wp-content\/uploads\/2020\/03\/Aktuelle-Informationen-zu-Veranstaltungen.pdf\" target=\"_blank\">offiziellen Schreiben<\/a> unseres 1. Vorsitzenden Ruppert Schmid.<\/p>\n<p>Vielen Dank f\u00fcr Ihr Verst\u00e4ndnis, geben Sie auf sich acht und bleiben Sie gesund!<\/p>\n<p>&nbsp;<\/p>\n","protected":false},"excerpt":{"rendered":"<p>Auf Grund der aktuellen Ma\u00dfnahmen zur Eind\u00e4mmung des Corona-Virus m\u00fcssen alle Veranstaltungen der Kreisgruppe bis 17.04.2020 entfallen. Wie es danach weitergeht kann zum jetzigen Zeitpunkt nicht gesagt werden. \u00dcber m\u00f6gliche Ersatztermine informieren wir&#46;&#46;&#46;<\/p>\n","protected":false},"author":1,"featured_media":2027,"comment_status":"open","ping_status":"open","sticky":false,"template":"","format":"standard","meta":[],"categories":[1],"tags":[28,32,34,42,27,64,62,33,69,46],"_links":{"self":[{"href":"https:\/\/www.jagd-amberg.de\/index.php?rest_route=\/wp\/v2\/posts\/2025"}],"collection":[{"href":"https:\/\/www.jagd-amberg.de\/index.php?rest_route=\/wp\/v2\/posts"}],"about":[{"href":"https:\/\/www.jagd-amberg.de\/index.php?rest_route=\/wp\/v2\/types\/post"}],"author":[{"embeddable":true,"href":"https:\/\/www.jagd-amberg.de\/index.php?rest_route=\/wp\/v2\/users\/1"}],"replies":[{"embeddable":true,"href":"https:\/\/www.jagd-amberg.de\/index.php?rest_route=%2Fwp%2Fv2%2Fcomments&post=2025"}],"version-history":[{"count":2,"href":"https:\/\/www.jagd-amberg.de\/index.php?rest_route=\/wp\/v2\/posts\/2025\/revisions"}],"predecessor-version":[{"id":2029,"href":"https:\/\/www.jagd-amberg.de\/index.php?rest_route=\/wp\/v2\/posts\/2025\/revisions\/2029"}],"wp:featuredmedia":[{"embeddable":true,"href":"https:\/\/www.jagd-amberg.de\/index.php?rest_route=\/wp\/v2\/media\/2027"}],"wp:attachment":[{"href":"https:\/\/www.jagd-amberg.de\/index.php?rest_route=%2Fwp%2Fv2%2Fmedia&parent=2025"}],"wp:term":[{"taxonomy":"category","embeddable":true,"href":"https:\/\/www.jagd-amberg.de\/index.php?rest_route=%2Fwp%2Fv2%2Fcategories&post=2025"},{"taxonomy":"post_tag","embeddable":true,"href":"https:\/\/www.jagd-amberg.de\/index.php?rest_route=%2Fwp%2Fv2%2Ftags&post=2025"}],"curies":[{"name":"wp","href":"https:\/\/api.w.org\/{rel}","templated":true}]}}