{"id":2086,"date":"2020-04-12T20:29:33","date_gmt":"2020-04-12T18:29:33","guid":{"rendered":"https:\/\/www.jagd-amberg.de\/?p=2086"},"modified":"2022-12-13T00:03:48","modified_gmt":"2022-12-12T23:03:48","slug":"kids-for-kitz-kitzrettung-trotz-corona-krise","status":"publish","type":"post","link":"https:\/\/www.jagd-amberg.de\/?p=2086","title":{"rendered":"Kids for Kitz &#8211; Kitzrettung trotz Corona-Krise"},"content":{"rendered":"<p>Liebe Kids und liebe Eltern,<\/p>\n<p>die Tage werden l\u00e4nger und w\u00e4rmer. Unsere Waldbewohner bekommen nach und nach ihren Nachwuchs. Einer dieser Waldbewohner ben\u00f6tigt einen besonderen Schutz von uns. Ihr habt es bestimmt schon gesehen und davon geh\u00f6rt. Die Gei\u00dfen, unsere weiblichen Rehe, bringen ihre Kinder, die Kitze zur Welt. In den saftig gr\u00fcnen Wiesen werden die Kitze in der J\u00e4gersprache gesetzt.<\/p>\n<p><div id=\"attachment_2085\" style=\"width: 1034px\" class=\"wp-caption aligncenter\"><img aria-describedby=\"caption-attachment-2085\" loading=\"lazy\" class=\"wp-image-2085 size-large\" src=\"https:\/\/www.jagd-amberg.de\/wp-content\/uploads\/2020\/04\/060606Rehkitze-suchen-1024x768.jpg\" alt=\"[060606]Rehkitze suchen\" width=\"1024\" height=\"768\" srcset=\"https:\/\/www.jagd-amberg.de\/wp-content\/uploads\/2020\/04\/060606Rehkitze-suchen-1024x768.jpg 1024w, https:\/\/www.jagd-amberg.de\/wp-content\/uploads\/2020\/04\/060606Rehkitze-suchen-300x225.jpg 300w, https:\/\/www.jagd-amberg.de\/wp-content\/uploads\/2020\/04\/060606Rehkitze-suchen-768x576.jpg 768w, https:\/\/www.jagd-amberg.de\/wp-content\/uploads\/2020\/04\/060606Rehkitze-suchen.jpg 1600w\" sizes=\"(max-width: 1024px) 100vw, 1024px\" \/><p id=\"caption-attachment-2085\" class=\"wp-caption-text\">Rehkitz versteckt in der Wiese<\/p><\/div>Diese Wiesen werden f\u00fcr unsere Rinder auf den Bauernh\u00f6fen gem\u00e4ht. Kitze sind gut getarnt und geruchslos. So verstecken sie sich vor Feinden wie F\u00fcchsen oder Hunden, die ohne Leine durch die Wiesen laufen. Leider ist f\u00fcr die M\u00e4harbeiten dieser nat\u00fcrliche Schutzinstinkt t\u00f6tlich.<br \/>\nNun kommen wir ins Spiel. Wir k\u00f6nnen sogenannte Kitzscheuchen basteln. Eine Anleitung findet ihr unter folgendem Link:<\/p>\n<p><a href=\"https:\/\/www.bjv-frischlinge.de\/mach-mit\/basteln-malen\/\" target=\"_blank\" rel=\"noopener\">BJV-Frischlinge &#8211; Bastelanleitung f\u00fcr Rehscheuchen<\/a><\/p>\n<p>Die gebastelten Scheuchen werden dann kurz vor der Mahd in den Wiesen aufgestellt und bewegen die Gei\u00dfen dazu ihre Kitze aus den Wiesen zu holen.<\/p>\n<div id=\"attachment_1611\" style=\"width: 1034px\" class=\"wp-caption aligncenter\"><img aria-describedby=\"caption-attachment-1611\" loading=\"lazy\" class=\"size-large wp-image-1611\" src=\"https:\/\/www.jagd-amberg.de\/wp-content\/uploads\/2019\/05\/IMG-20190515-WA0023-1024x659.jpg\" alt=\"Die Kids mit ihren Scheuchen von der Kids-for-Kitz-Aktion 2019\" width=\"1024\" height=\"659\" srcset=\"https:\/\/www.jagd-amberg.de\/wp-content\/uploads\/2019\/05\/IMG-20190515-WA0023-1024x659.jpg 1024w, https:\/\/www.jagd-amberg.de\/wp-content\/uploads\/2019\/05\/IMG-20190515-WA0023-300x193.jpg 300w, https:\/\/www.jagd-amberg.de\/wp-content\/uploads\/2019\/05\/IMG-20190515-WA0023-768x494.jpg 768w, https:\/\/www.jagd-amberg.de\/wp-content\/uploads\/2019\/05\/IMG-20190515-WA0023.jpg 1600w\" sizes=\"(max-width: 1024px) 100vw, 1024px\" \/><p id=\"caption-attachment-1611\" class=\"wp-caption-text\">Die Kids mit ihren Scheuchen von der Kids-for-Kitz-Aktion 2019<\/p><\/div>\n<p>Leider kann ich dieses Jahr wegen Corona nicht zu euch kommen und mit euch zusammen die Scheuchen bauen. Aber wer m\u00f6chte schnappt sich einfach Hammer und Nagel, bastelt eine Scheuche und schickt mir ein Foto davon <strong>(bis 03.05.2020 per E-Mail an andreas.<!--123@def!-->geilersdoerfer@magenta<!--123@def!-->.de)<\/strong>. Wir holen die Scheuchen dann bei euch ab und stellen sie in den Wiesen auf.<\/p>\n<p>Wenn die Ausgangsbeschr\u00e4nkungen der Regierung bis zur Mahd gelockert werden, w\u00e4re es nat\u00fcrlich am besten, wenn ihr dann zu mir kommt und wir gemeinsam durch die Wiesen streifen und Kitze suchen. Sollte dies nicht der Fall sein, werde ich alles dokumentieren und euch hoffentlich ein paar sch\u00f6ne Fotos zukommen lassen k\u00f6nnen.<\/p>\n<p>Aus allen Fotos, die ihr mir schickt und die beim Aufstellen gemacht werden, machen wir eine Fotocollage f\u00fcr unsere Internetseite und meinem Instagramaccount Hunting.with.passion.<\/p>\n<p><strong>Unter allen eingesendeten Fotos von den Scheuchen verlosen wir au\u00dferdem ein kleines Geschenk.<\/strong><\/p>\n<p><strong>Aus organisatorischen Gr\u00fcnden m\u00fcssen wir die Aktion auf den Landkreis Amberg-Sulzbach sowie die Stadt Amberg begrenzen.<\/strong> Wenn ihr von weiter weg kommt und trotzdem gerne eine Scheuche basteln wollt, fragt doch mal bei einem J\u00e4ger vor Ort, ob er die Scheuche in seinem Revier aufstellen w\u00fcrde.<\/p>\n<p>Wir freuen uns auf eure tatkr\u00e4ftige Unterst\u00fctzung und w\u00fcnschen euch viel Spa\u00df beim Basteln.<\/p>\n","protected":false},"excerpt":{"rendered":"<p>Liebe Kids und liebe Eltern, die Tage werden l\u00e4nger und w\u00e4rmer. Unsere Waldbewohner bekommen nach und nach ihren Nachwuchs. Einer dieser Waldbewohner ben\u00f6tigt einen besonderen Schutz von uns. Ihr habt es bestimmt schon&#46;&#46;&#46;<\/p>\n","protected":false},"author":1,"featured_media":2085,"comment_status":"open","ping_status":"open","sticky":false,"template":"","format":"standard","meta":[],"categories":[30,89],"tags":[88,72,53,71,31,54,49],"_links":{"self":[{"href":"https:\/\/www.jagd-amberg.de\/index.php?rest_route=\/wp\/v2\/posts\/2086"}],"collection":[{"href":"https:\/\/www.jagd-amberg.de\/index.php?rest_route=\/wp\/v2\/posts"}],"about":[{"href":"https:\/\/www.jagd-amberg.de\/index.php?rest_route=\/wp\/v2\/types\/post"}],"author":[{"embeddable":true,"href":"https:\/\/www.jagd-amberg.de\/index.php?rest_route=\/wp\/v2\/users\/1"}],"replies":[{"embeddable":true,"href":"https:\/\/www.jagd-amberg.de\/index.php?rest_route=%2Fwp%2Fv2%2Fcomments&post=2086"}],"version-history":[{"count":13,"href":"https:\/\/www.jagd-amberg.de\/index.php?rest_route=\/wp\/v2\/posts\/2086\/revisions"}],"predecessor-version":[{"id":2741,"href":"https:\/\/www.jagd-amberg.de\/index.php?rest_route=\/wp\/v2\/posts\/2086\/revisions\/2741"}],"wp:featuredmedia":[{"embeddable":true,"href":"https:\/\/www.jagd-amberg.de\/index.php?rest_route=\/wp\/v2\/media\/2085"}],"wp:attachment":[{"href":"https:\/\/www.jagd-amberg.de\/index.php?rest_route=%2Fwp%2Fv2%2Fmedia&parent=2086"}],"wp:term":[{"taxonomy":"category","embeddable":true,"href":"https:\/\/www.jagd-amberg.de\/index.php?rest_route=%2Fwp%2Fv2%2Fcategories&post=2086"},{"taxonomy":"post_tag","embeddable":true,"href":"https:\/\/www.jagd-amberg.de\/index.php?rest_route=%2Fwp%2Fv2%2Ftags&post=2086"}],"curies":[{"name":"wp","href":"https:\/\/api.w.org\/{rel}","templated":true}]}}