{"id":2400,"date":"2021-09-26T21:24:00","date_gmt":"2021-09-26T19:24:00","guid":{"rendered":"https:\/\/www.jagd-amberg.de\/?p=2400"},"modified":"2021-10-25T21:57:14","modified_gmt":"2021-10-25T19:57:14","slug":"besuch-schiesskino-2","status":"publish","type":"post","link":"https:\/\/www.jagd-amberg.de\/?p=2400","title":{"rendered":"Besuch Schie\u00dfkino"},"content":{"rendered":"\n<p>Passend zur anstehenden Dr\u00fcckjagdsaison hat Junge-J\u00e4ger-Beauftragter Andreas Geilersd\u00f6rfer f\u00fcr den 12.09.2020 einen Besuch im Schie\u00dfkino in Luhe-Wildenau organisiert.<\/p>\n\n\n\n<p>Nach einer kurzen Einweisung hatten die sieben jungen J\u00e4ger und J\u00e4gerinnen zwei Stunden Zeit um Ihre Schie\u00dffertigkeiten auf bewegtes Wild zu trainieren. Dazu gab es unterschiedlichste Filmszenen vom langsam ziehenden Rotwild bis zur hochfl\u00fcchtigen Wildschweinrotte zur Auswahl. Mit einer Kurzwaffe konnten au\u00dferdem Fangschu\u00df-Situationen ge\u00fcbt werden.<\/p>\n\n\n\n<p>Bei einem gemeinsamen Abendessen lie\u00dfen die jungen J\u00e4ger den Abend ausklingen. Die Runde war sich einig: \u201eDer Besuch im Schie\u00dfkino sollte auch n\u00e4chstes Jahr wieder auf dem Programm stehen.\u201c<\/p>\n\n\n\n<p>Im Sinne der Waidgerechtigkeit sollten das Training der eigenen Schie\u00dffertigkeiten sowie die Kontrolle der Treffpunktlage der eigenen Waffen f\u00fcr jeden J\u00e4ger regelm\u00e4\u00dfig auf dem Programm stehen. In diesem Sinne k\u00f6nnen wir nur dazu ermuntern die angebotenen Schie\u00dfm\u00f6glichkeiten rege zu nutzen.<\/p>\n\n\n\n<figure class=\"wp-block-image size-large\"><img loading=\"lazy\" width=\"1024\" height=\"768\" src=\"https:\/\/www.jagd-amberg.de\/wp-content\/uploads\/2021\/10\/Schie\u00dfkino_210912-1024x768.jpg\" alt=\"\" class=\"wp-image-2401\" srcset=\"https:\/\/www.jagd-amberg.de\/wp-content\/uploads\/2021\/10\/Schie\u00dfkino_210912-1024x768.jpg 1024w, https:\/\/www.jagd-amberg.de\/wp-content\/uploads\/2021\/10\/Schie\u00dfkino_210912-300x225.jpg 300w, https:\/\/www.jagd-amberg.de\/wp-content\/uploads\/2021\/10\/Schie\u00dfkino_210912-768x576.jpg 768w, https:\/\/www.jagd-amberg.de\/wp-content\/uploads\/2021\/10\/Schie\u00dfkino_210912-1536x1152.jpg 1536w, https:\/\/www.jagd-amberg.de\/wp-content\/uploads\/2021\/10\/Schie\u00dfkino_210912.jpg 2048w\" sizes=\"(max-width: 1024px) 100vw, 1024px\" \/><\/figure>\n","protected":false},"excerpt":{"rendered":"<p>Passend zur anstehenden Dr\u00fcckjagdsaison hat Junge-J\u00e4ger-Beauftragter Andreas Geilersd\u00f6rfer f\u00fcr den 12.09.2020 einen Besuch im Schie\u00dfkino in Luhe-Wildenau organisiert. Nach einer kurzen Einweisung hatten die sieben jungen J\u00e4ger und J\u00e4gerinnen zwei Stunden Zeit um&#46;&#46;&#46;<\/p>\n","protected":false},"author":1,"featured_media":2240,"comment_status":"open","ping_status":"open","sticky":false,"template":"","format":"standard","meta":[],"categories":[66,73],"tags":[62,79,46],"_links":{"self":[{"href":"https:\/\/www.jagd-amberg.de\/index.php?rest_route=\/wp\/v2\/posts\/2400"}],"collection":[{"href":"https:\/\/www.jagd-amberg.de\/index.php?rest_route=\/wp\/v2\/posts"}],"about":[{"href":"https:\/\/www.jagd-amberg.de\/index.php?rest_route=\/wp\/v2\/types\/post"}],"author":[{"embeddable":true,"href":"https:\/\/www.jagd-amberg.de\/index.php?rest_route=\/wp\/v2\/users\/1"}],"replies":[{"embeddable":true,"href":"https:\/\/www.jagd-amberg.de\/index.php?rest_route=%2Fwp%2Fv2%2Fcomments&post=2400"}],"version-history":[{"count":3,"href":"https:\/\/www.jagd-amberg.de\/index.php?rest_route=\/wp\/v2\/posts\/2400\/revisions"}],"predecessor-version":[{"id":2405,"href":"https:\/\/www.jagd-amberg.de\/index.php?rest_route=\/wp\/v2\/posts\/2400\/revisions\/2405"}],"wp:featuredmedia":[{"embeddable":true,"href":"https:\/\/www.jagd-amberg.de\/index.php?rest_route=\/wp\/v2\/media\/2240"}],"wp:attachment":[{"href":"https:\/\/www.jagd-amberg.de\/index.php?rest_route=%2Fwp%2Fv2%2Fmedia&parent=2400"}],"wp:term":[{"taxonomy":"category","embeddable":true,"href":"https:\/\/www.jagd-amberg.de\/index.php?rest_route=%2Fwp%2Fv2%2Fcategories&post=2400"},{"taxonomy":"post_tag","embeddable":true,"href":"https:\/\/www.jagd-amberg.de\/index.php?rest_route=%2Fwp%2Fv2%2Ftags&post=2400"}],"curies":[{"name":"wp","href":"https:\/\/api.w.org\/{rel}","templated":true}]}}