{"id":2585,"date":"2022-08-05T22:06:00","date_gmt":"2022-08-05T20:06:00","guid":{"rendered":"https:\/\/www.jagd-amberg.de\/?p=2585"},"modified":"2023-03-25T13:02:20","modified_gmt":"2023-03-25T12:02:20","slug":"jaegerschlag-der-kurse-2020-und-2021","status":"publish","type":"post","link":"https:\/\/www.jagd-amberg.de\/?p=2585","title":{"rendered":"J\u00e4gerschlag der Kurse 2020 und 2021"},"content":{"rendered":"\n<p>Am 29.07.2022 fand f\u00fcr die Jagdkurse 2020 und 2021 eine Abschlussfeier mit J\u00e4gerschlag statt. Trotz widrigen Wetters, fanden sich zw\u00f6lf Jungj\u00e4ger und etliche G\u00e4ste, zum J\u00e4gerschlag im Vereinsheim der Kreisgruppe ein. Der 1. Vorstand unserer Kreisgruppe Ruppert Schmid begr\u00fc\u00dfte die Jungj\u00e4ger und lie\u00df die Kurse kurz Revue passieren.<\/p>\n\n\n\n<figure class=\"wp-block-image size-large\"><img loading=\"lazy\" width=\"1024\" height=\"768\" src=\"https:\/\/www.jagd-amberg.de\/wp-content\/uploads\/2022\/10\/220729_Abschlusssfeier_Jagdkurs-11-1024x768.jpg\" alt=\"\" class=\"wp-image-2620\" srcset=\"https:\/\/www.jagd-amberg.de\/wp-content\/uploads\/2022\/10\/220729_Abschlusssfeier_Jagdkurs-11-1024x768.jpg 1024w, https:\/\/www.jagd-amberg.de\/wp-content\/uploads\/2022\/10\/220729_Abschlusssfeier_Jagdkurs-11-300x225.jpg 300w, https:\/\/www.jagd-amberg.de\/wp-content\/uploads\/2022\/10\/220729_Abschlusssfeier_Jagdkurs-11-768x576.jpg 768w, https:\/\/www.jagd-amberg.de\/wp-content\/uploads\/2022\/10\/220729_Abschlusssfeier_Jagdkurs-11.jpg 1210w\" sizes=\"(max-width: 1024px) 100vw, 1024px\" \/><figcaption>1. Vorsitzender Ruppert Schmid (vorne links) und Kursleiter Dr. G\u00fcnther Baumer (vorne rechts) begr\u00fc\u00dfen die Jungj\u00e4gerInnen<\/figcaption><\/figure>\n\n\n\n<div style=\"height:20px\" aria-hidden=\"true\" class=\"wp-block-spacer\"><\/div>\n\n\n\n<p class=\"has-text-align-center\">Der J\u00e4gerschlag erfolgte durch Dr. G\u00fcnther Baumer mit folgenden Worten:<\/p>\n\n\n\n<p class=\"has-text-align-center\"><em>Der erste Schlag soll Dich zum J\u00e4ger weihen <br>zu handeln stets nach recht gedeihen,<br>der zweite Schlag soll Dich verpflichten, <br>nie auf die J\u00e4gerehre zu verzichten,<br>der dritte Schlag kommt von mir selbst, <br>er soll Dir geben was dich beseelt, <br>sollst haben viel sch\u00f6ne Stund <br>im Feld und Wald und mit Deim Hund <br>Waidmannsheil.<\/em><\/p>\n\n\n\n<div style=\"height:20px\" aria-hidden=\"true\" class=\"wp-block-spacer\"><\/div>\n\n\n<div class=\"wp-block-image\">\n<figure class=\"aligncenter size-full\"><img loading=\"lazy\" width=\"415\" height=\"553\" src=\"https:\/\/www.jagd-amberg.de\/wp-content\/uploads\/2022\/10\/220729_Abschlusssfeier_Jagdkurs-18_Ausschnitt.jpg\" alt=\"\" class=\"wp-image-2626\" srcset=\"https:\/\/www.jagd-amberg.de\/wp-content\/uploads\/2022\/10\/220729_Abschlusssfeier_Jagdkurs-18_Ausschnitt.jpg 415w, https:\/\/www.jagd-amberg.de\/wp-content\/uploads\/2022\/10\/220729_Abschlusssfeier_Jagdkurs-18_Ausschnitt-225x300.jpg 225w\" sizes=\"(max-width: 415px) 100vw, 415px\" \/><figcaption>Kursleiter Dr. G\u00fcnther Baumer erteilt den J\u00e4gerschlag<\/figcaption><\/figure><\/div>\n\n\n<div style=\"height:20px\" aria-hidden=\"true\" class=\"wp-block-spacer\"><\/div>\n\n\n\n<p>Der J\u00e4gerschlag wurde mit der \u00dcbergabe der Urkunde durch Ruppert Schmid mit einem Handschlag, Waidmannsheil und der \u00dcberreichung eines Jagdmessers beendet.<br>Musikalisch umrahmt wurde die Zeremonie durch unsere Jagdhornbl\u00e4ser, welche am Ende auch \u201eZum Essen\u201c bliesen. Damit begann der gem\u00fctliche Teil mit Leckereien vom Grill, Getr\u00e4nken und guten Gespr\u00e4chen<br>(nat\u00fcrlich ganz ohne J\u00e4gerlatein&#8230;).<\/p>\n\n\n\n<figure class=\"wp-block-image size-large\"><img loading=\"lazy\" width=\"1024\" height=\"768\" src=\"https:\/\/www.jagd-amberg.de\/wp-content\/uploads\/2022\/10\/220729_Abschlusssfeier_Jagdkurs-9-1024x768.jpg\" alt=\"\" class=\"wp-image-2619\" srcset=\"https:\/\/www.jagd-amberg.de\/wp-content\/uploads\/2022\/10\/220729_Abschlusssfeier_Jagdkurs-9-1024x768.jpg 1024w, https:\/\/www.jagd-amberg.de\/wp-content\/uploads\/2022\/10\/220729_Abschlusssfeier_Jagdkurs-9-300x225.jpg 300w, https:\/\/www.jagd-amberg.de\/wp-content\/uploads\/2022\/10\/220729_Abschlusssfeier_Jagdkurs-9-768x576.jpg 768w, https:\/\/www.jagd-amberg.de\/wp-content\/uploads\/2022\/10\/220729_Abschlusssfeier_Jagdkurs-9.jpg 1210w\" sizes=\"(max-width: 1024px) 100vw, 1024px\" \/><figcaption>Die Jagdhornbl\u00e4ser der Kreisgruppe umrahmen die Abschlussfeier des Jagdkurses<\/figcaption><\/figure>\n\n\n\n<div style=\"height:20px\" aria-hidden=\"true\" class=\"wp-block-spacer\"><\/div>\n\n\n\n<p>Unerw\u00e4hnt, darf auch der sichere Schuss unserer Jungj\u00e4ger nicht bleiben. Dieser wurde unter Leitung von Herrn Richard Schober mit einer B\u00fcchse mit offenerer Visierung \u00fcberpr\u00fcft. Kleine Anmerkung: es haben alle bestanden \ud83d\ude42<\/p>\n\n\n\n<p>Durch die R\u00fcckmeldung der Beteiligten, kann mit Fug und Recht, von einer gelungenen Veranstaltung gesprochen werden.<\/p>\n\n\n\n<p>Die Kreisgruppe w\u00fcnscht allen Jungj\u00e4gern viel Anblick und Waidmannsheil.<\/p>\n","protected":false},"excerpt":{"rendered":"<p>Am 29.07.2022 fand f\u00fcr die Jagdkurse 2020 und 2021 eine Abschlussfeier mit J\u00e4gerschlag statt. Trotz widrigen Wetters, fanden sich zw\u00f6lf Jungj\u00e4ger und etliche G\u00e4ste, zum J\u00e4gerschlag im Vereinsheim der Kreisgruppe ein. Der 1.&#46;&#46;&#46;<\/p>\n","protected":false},"author":1,"featured_media":2620,"comment_status":"open","ping_status":"open","sticky":false,"template":"","format":"standard","meta":[],"categories":[1,66],"tags":[64,84],"_links":{"self":[{"href":"https:\/\/www.jagd-amberg.de\/index.php?rest_route=\/wp\/v2\/posts\/2585"}],"collection":[{"href":"https:\/\/www.jagd-amberg.de\/index.php?rest_route=\/wp\/v2\/posts"}],"about":[{"href":"https:\/\/www.jagd-amberg.de\/index.php?rest_route=\/wp\/v2\/types\/post"}],"author":[{"embeddable":true,"href":"https:\/\/www.jagd-amberg.de\/index.php?rest_route=\/wp\/v2\/users\/1"}],"replies":[{"embeddable":true,"href":"https:\/\/www.jagd-amberg.de\/index.php?rest_route=%2Fwp%2Fv2%2Fcomments&post=2585"}],"version-history":[{"count":6,"href":"https:\/\/www.jagd-amberg.de\/index.php?rest_route=\/wp\/v2\/posts\/2585\/revisions"}],"predecessor-version":[{"id":2903,"href":"https:\/\/www.jagd-amberg.de\/index.php?rest_route=\/wp\/v2\/posts\/2585\/revisions\/2903"}],"wp:featuredmedia":[{"embeddable":true,"href":"https:\/\/www.jagd-amberg.de\/index.php?rest_route=\/wp\/v2\/media\/2620"}],"wp:attachment":[{"href":"https:\/\/www.jagd-amberg.de\/index.php?rest_route=%2Fwp%2Fv2%2Fmedia&parent=2585"}],"wp:term":[{"taxonomy":"category","embeddable":true,"href":"https:\/\/www.jagd-amberg.de\/index.php?rest_route=%2Fwp%2Fv2%2Fcategories&post=2585"},{"taxonomy":"post_tag","embeddable":true,"href":"https:\/\/www.jagd-amberg.de\/index.php?rest_route=%2Fwp%2Fv2%2Ftags&post=2585"}],"curies":[{"name":"wp","href":"https:\/\/api.w.org\/{rel}","templated":true}]}}