{"id":260,"date":"2016-04-15T13:36:29","date_gmt":"2016-04-15T11:36:29","guid":{"rendered":"http:\/\/jagdamberg.bplaced.net\/wordpress\/?p=260"},"modified":"2017-02-15T19:18:52","modified_gmt":"2017-02-15T18:18:52","slug":"franz-erras-bleibt-an-der-spitze","status":"publish","type":"post","link":"https:\/\/www.jagd-amberg.de\/?p=260","title":{"rendered":"Franz Erras bleibt an der Spitze"},"content":{"rendered":"<p><img src=\"http:\/\/www.jagd-amberg.de\/wp-content\/uploads\/2017\/02\/franzerrasbleibtanderspitze.jpg\" alt=\"\" width=\"616\" align=\"middle\" border=\"0\" \/><\/p>\n<p>Die Neuwahl bei der Kreisgruppe der J\u00e4ger brachte folgendes Ergebnis: Schriftf\u00fchrer Mathias Neugebauer, stellvertretender Schriftf\u00fchrer Peter Fr\u00f6hlich, Vorsitzender Franz Erras, 2. Vorsitzender Ruppert Schmid, stellvertretender Schatzmeister Stefan Renner, Schatzmeister Eduard Hierl, Kassenrevisor Karl Fochtner, Johann Hierl und 3. Vorsitzender Wolfram Seebauer (von links).<\/p>\n<p>Quelle Amberger Zeitung 15.03.2016<\/p>\n","protected":false},"excerpt":{"rendered":"<p>Die Neuwahl bei der Kreisgruppe der J\u00e4ger brachte folgendes Ergebnis: Schriftf\u00fchrer Mathias Neugebauer, stellvertretender Schriftf\u00fchrer Peter Fr\u00f6hlich, Vorsitzender Franz Erras, 2. Vorsitzender Ruppert Schmid, stellvertretender Schatzmeister Stefan Renner, Schatzmeister Eduard Hierl, Kassenrevisor Karl&#46;&#46;&#46;<\/p>\n","protected":false},"author":1,"featured_media":263,"comment_status":"open","ping_status":"open","sticky":false,"template":"","format":"standard","meta":[],"categories":[1],"tags":[],"_links":{"self":[{"href":"https:\/\/www.jagd-amberg.de\/index.php?rest_route=\/wp\/v2\/posts\/260"}],"collection":[{"href":"https:\/\/www.jagd-amberg.de\/index.php?rest_route=\/wp\/v2\/posts"}],"about":[{"href":"https:\/\/www.jagd-amberg.de\/index.php?rest_route=\/wp\/v2\/types\/post"}],"author":[{"embeddable":true,"href":"https:\/\/www.jagd-amberg.de\/index.php?rest_route=\/wp\/v2\/users\/1"}],"replies":[{"embeddable":true,"href":"https:\/\/www.jagd-amberg.de\/index.php?rest_route=%2Fwp%2Fv2%2Fcomments&post=260"}],"version-history":[{"count":3,"href":"https:\/\/www.jagd-amberg.de\/index.php?rest_route=\/wp\/v2\/posts\/260\/revisions"}],"predecessor-version":[{"id":1159,"href":"https:\/\/www.jagd-amberg.de\/index.php?rest_route=\/wp\/v2\/posts\/260\/revisions\/1159"}],"wp:featuredmedia":[{"embeddable":true,"href":"https:\/\/www.jagd-amberg.de\/index.php?rest_route=\/wp\/v2\/media\/263"}],"wp:attachment":[{"href":"https:\/\/www.jagd-amberg.de\/index.php?rest_route=%2Fwp%2Fv2%2Fmedia&parent=260"}],"wp:term":[{"taxonomy":"category","embeddable":true,"href":"https:\/\/www.jagd-amberg.de\/index.php?rest_route=%2Fwp%2Fv2%2Fcategories&post=260"},{"taxonomy":"post_tag","embeddable":true,"href":"https:\/\/www.jagd-amberg.de\/index.php?rest_route=%2Fwp%2Fv2%2Ftags&post=260"}],"curies":[{"name":"wp","href":"https:\/\/api.w.org\/{rel}","templated":true}]}}