{"id":2862,"date":"2022-10-03T12:54:00","date_gmt":"2022-10-03T10:54:00","guid":{"rendered":"https:\/\/www.jagd-amberg.de\/?p=2862"},"modified":"2023-03-19T12:57:08","modified_gmt":"2023-03-19T11:57:08","slug":"brauchbarkeitspruefung-2022","status":"publish","type":"post","link":"https:\/\/www.jagd-amberg.de\/?p=2862","title":{"rendered":"Brauchbarkeitspr\u00fcfung 2022"},"content":{"rendered":"\n<p>Die Brauchbarkeitspr\u00fcfung der BJV- Kreisgruppe Amberg fand am 2.\/3.10.2022 in Wolfsbach statt.<\/p>\n\n\n\n<p>16 Hunde traten zur Pr\u00fcfung an und alle haben bestanden.<\/p>\n\n\n\n<ul><li>8 Hunde haben die BP zur Nachsuche auf Schalenwild absolviert und<\/li><li>8 Hunde die allgemeine BP auf alle Reviere<\/li><\/ul>\n\n\n\n<p><strong>Suchen-Sieger bei den Nachsuchen-F\u00e4chern wurden:<\/strong><br>1. Platz mit voller Punktzahl: <strong>Bud Spencer vom Weigler Wald<\/strong>, Rasse Kurzhaardackel, F\u00fchrer: Franz Schuhbauer<br>2. Platz ebenso mit voller Punktzahl: <strong>Franzl vom Vogtlandberner<\/strong>, Rasse Beagle, F\u00fchrerin Marie H\u00f6rl<\/p>\n\n\n\n<p><strong>Suchen-Sieger f\u00fcr die allgemeine Brauchbarkeit zur Nachsuche auf Niederwild und Schalenwild<\/strong> <strong>wurden:<\/strong><br>1. Platz mit voller Punktzahl: <strong>Ziko vom Juragrund<\/strong>, Rasse DD, F\u00fchrer: Michael Streber<br>2. Platz ebenso mit voller Punktzahl: <strong>Albert von Walhalla<\/strong>, Rasse ECS, F\u00fchrer: Stefan M\u00f6ller<\/p>\n\n\n\n<p><strong>F\u00fcr diese hervorragenden Leistungen ein \u201eWaidmannsheil\u201c<\/strong><\/p>\n\n\n\n<p><strong>Teilnehmende Rassen:<\/strong><br>DD, DL, KlM, W, Beagle, BGS, Cocker Spaniel, Epagneul Picard, Foxterrier, KT<\/p>\n\n\n\n<p><strong>Pr\u00fcfungsleitung:<\/strong> Ute Ehebauer<\/p>\n\n\n\n<p><strong>Richterobleute:<\/strong> Johann Merz und Josef Schmidt<\/p>\n\n\n\n<p><strong>Mitrichter<\/strong>: Reinhold Galli, Walter Biersack, Franz Ehebauer, Ute Ehebauer, Ruppert Schmid<\/p>\n\n\n\n<p><strong>Reviere und Revierinhaber:<\/strong><\/p>\n\n\n\n<div class=\"wp-container-3 wp-block-columns\">\n<div class=\"wp-container-1 wp-block-column\" style=\"flex-basis:33.33%\">\n<p>GJR Wolfsbach<\/p>\n\n\n\n<p>SF Burglengenfeld<\/p>\n<\/div>\n\n\n\n<div class=\"wp-container-2 wp-block-column\" style=\"flex-basis:66.66%\">\n<p>Franz Ehebauer<\/p>\n\n\n\n<p>Revierf\u00f6rster J\u00fcrgen F\u00e4rber<br>Revierf\u00f6rster Franz Schuhbauer<\/p>\n<\/div>\n<\/div>\n\n\n\n<div style=\"height:20px\" aria-hidden=\"true\" class=\"wp-block-spacer\"><\/div>\n\n\n\n<figure class=\"wp-block-image size-large\"><img loading=\"lazy\" width=\"1024\" height=\"683\" src=\"https:\/\/www.jagd-amberg.de\/wp-content\/uploads\/2023\/03\/231003_Brauchbarkeitspruefung-2022-1024x683.jpg\" alt=\"\" class=\"wp-image-2865\" srcset=\"https:\/\/www.jagd-amberg.de\/wp-content\/uploads\/2023\/03\/231003_Brauchbarkeitspruefung-2022-1024x683.jpg 1024w, https:\/\/www.jagd-amberg.de\/wp-content\/uploads\/2023\/03\/231003_Brauchbarkeitspruefung-2022-300x200.jpg 300w, https:\/\/www.jagd-amberg.de\/wp-content\/uploads\/2023\/03\/231003_Brauchbarkeitspruefung-2022-768x512.jpg 768w, https:\/\/www.jagd-amberg.de\/wp-content\/uploads\/2023\/03\/231003_Brauchbarkeitspruefung-2022-1536x1024.jpg 1536w, https:\/\/www.jagd-amberg.de\/wp-content\/uploads\/2023\/03\/231003_Brauchbarkeitspruefung-2022-2048x1365.jpg 2048w, https:\/\/www.jagd-amberg.de\/wp-content\/uploads\/2023\/03\/231003_Brauchbarkeitspruefung-2022-272x182.jpg 272w\" sizes=\"(max-width: 1024px) 100vw, 1024px\" \/><figcaption>Hundeobfrau Ute Ehebauer (6.v.r.) mit Mitausbilder Reinhold Galli (3.v.l.), 1. Vorsitzenden Ruppert Schmid (2.v.r.) und den Teilnehmern der Brauchbarkeitspr\u00fcfung 2022<\/figcaption><\/figure>\n\n\n\n<div style=\"height:20px\" aria-hidden=\"true\" class=\"wp-block-spacer\"><\/div>\n\n\n\n<p>Am Ende der Pr\u00fcfung wurde in Hofstetten unter der gro\u00dfen Dorf-Linde die Preisverteilung f\u00fcr alle Hundef\u00fchrer abgehalten, jeder bekam als Erinnerung ein Geschenk. Durch wunderbare Kl\u00e4nge von anwesenden Jagdhornbl\u00e4sern ist diese Pr\u00fcfung w\u00fcrdevoll beendet worden. Alle Teilnehmer, sowie G\u00e4ste sind anschlie\u00dfend zum gem\u00fctlichen Beisammensein in das Gasthaus der Familie \u201eGraf\u201c eingekehrt.<\/p>\n\n\n\n<p>Es gab f\u00fcr alle einen deftigen Schweinsbraten, der sehr lecker war!<\/p>\n\n\n\n<p>Eine sehr tolle Pr\u00fcfung.<\/p>\n\n\n\n<p><strong>Ute Ehebauer<\/strong>, Hundeobfrau der KG Amberg<\/p>\n","protected":false},"excerpt":{"rendered":"<p>Die Brauchbarkeitspr\u00fcfung der BJV- Kreisgruppe Amberg fand am 2.\/3.10.2022 in Wolfsbach statt. 16 Hunde traten zur Pr\u00fcfung an und alle haben bestanden. 8 Hunde haben die BP zur Nachsuche auf Schalenwild absolviert und&#46;&#46;&#46;<\/p>\n","protected":false},"author":1,"featured_media":2865,"comment_status":"closed","ping_status":"closed","sticky":false,"template":"","format":"standard","meta":[],"categories":[4],"tags":[28,42,29],"_links":{"self":[{"href":"https:\/\/www.jagd-amberg.de\/index.php?rest_route=\/wp\/v2\/posts\/2862"}],"collection":[{"href":"https:\/\/www.jagd-amberg.de\/index.php?rest_route=\/wp\/v2\/posts"}],"about":[{"href":"https:\/\/www.jagd-amberg.de\/index.php?rest_route=\/wp\/v2\/types\/post"}],"author":[{"embeddable":true,"href":"https:\/\/www.jagd-amberg.de\/index.php?rest_route=\/wp\/v2\/users\/1"}],"replies":[{"embeddable":true,"href":"https:\/\/www.jagd-amberg.de\/index.php?rest_route=%2Fwp%2Fv2%2Fcomments&post=2862"}],"version-history":[{"count":4,"href":"https:\/\/www.jagd-amberg.de\/index.php?rest_route=\/wp\/v2\/posts\/2862\/revisions"}],"predecessor-version":[{"id":2867,"href":"https:\/\/www.jagd-amberg.de\/index.php?rest_route=\/wp\/v2\/posts\/2862\/revisions\/2867"}],"wp:featuredmedia":[{"embeddable":true,"href":"https:\/\/www.jagd-amberg.de\/index.php?rest_route=\/wp\/v2\/media\/2865"}],"wp:attachment":[{"href":"https:\/\/www.jagd-amberg.de\/index.php?rest_route=%2Fwp%2Fv2%2Fmedia&parent=2862"}],"wp:term":[{"taxonomy":"category","embeddable":true,"href":"https:\/\/www.jagd-amberg.de\/index.php?rest_route=%2Fwp%2Fv2%2Fcategories&post=2862"},{"taxonomy":"post_tag","embeddable":true,"href":"https:\/\/www.jagd-amberg.de\/index.php?rest_route=%2Fwp%2Fv2%2Ftags&post=2862"}],"curies":[{"name":"wp","href":"https:\/\/api.w.org\/{rel}","templated":true}]}}