{"id":3104,"date":"2023-05-12T12:43:00","date_gmt":"2023-05-12T10:43:00","guid":{"rendered":"https:\/\/www.jagd-amberg.de\/?p=3104"},"modified":"2023-06-22T16:30:09","modified_gmt":"2023-06-22T14:30:09","slug":"kids-for-kitz-2023-mit-scheuchen-und-drohnen","status":"publish","type":"post","link":"https:\/\/www.jagd-amberg.de\/?p=3104","title":{"rendered":"Kids for Kitz 2023 &#8211; Mit Scheuchen und Drohnen"},"content":{"rendered":"\n<p>Die Kinder vom Kohlberger Kindergarten Arche Noach staunten nicht schlecht als pl\u00f6tzlich ein J\u00e4ger samt Rucksack und Hund in der T\u00fcr stand. Auch dieses Jahr gab es wieder eine Aktion Kids for Kitz und Andreas Geilersd\u00f6rfer von der Kreisgruppe Amberg des Landesjagdverband Bayern brachte einiges zu diesem Thema mit. <\/p>\n\n\n\n<p>Im ersten Teil der Aktion, welcher im Kindergarten stattfand, durften die Kinder zun\u00e4chst erraten, was ein J\u00e4ger wohl so alles in seinem Jagdrucksack dabei hat. Vom flauschigen Lammfell als Sitzkissen \u00fcber ein schweres Fernglas bis hin zu Seifenblasen um die Windrichtung zu pr\u00fcfen war alles mit dabei und schnell von den Kindern erraten. Es wurde auch einiges \u00fcber den Wald und die Tiere erz\u00e4hlt. Zus\u00e4tzlich durften die Kinder noch ihre F\u00fchler ausstrecken und einen echten Fuchsbalg anfassen, eine Abwurfstange vom Hirsch mit einer Abwurfstange vom Reh vergleichen und einen ganzen riesigen Wildschweinsch\u00e4del bestaunen, der doch eher einem Dinosaurier \u00e4hnelt, wie die Kinder begeistert feststellten. <\/p>\n\n\n\n<div style=\"height:20px\" aria-hidden=\"true\" class=\"wp-block-spacer\"><\/div>\n\n\n\n<figure class=\"wp-block-image size-large\"><img loading=\"lazy\" width=\"1024\" height=\"969\" src=\"https:\/\/www.jagd-amberg.de\/wp-content\/uploads\/2023\/06\/230424_Jaeger-im-Kindergarten-1-e1687430319182-1024x969.jpg\" alt=\"\" class=\"wp-image-3106\" srcset=\"https:\/\/www.jagd-amberg.de\/wp-content\/uploads\/2023\/06\/230424_Jaeger-im-Kindergarten-1-e1687430319182-1024x969.jpg 1024w, https:\/\/www.jagd-amberg.de\/wp-content\/uploads\/2023\/06\/230424_Jaeger-im-Kindergarten-1-e1687430319182-300x284.jpg 300w, https:\/\/www.jagd-amberg.de\/wp-content\/uploads\/2023\/06\/230424_Jaeger-im-Kindergarten-1-e1687430319182-768x727.jpg 768w, https:\/\/www.jagd-amberg.de\/wp-content\/uploads\/2023\/06\/230424_Jaeger-im-Kindergarten-1-e1687430319182.jpg 1200w\" sizes=\"(max-width: 1024px) 100vw, 1024px\" \/><figcaption>Allerlei interessante Mitbringsel zum Bestaunen und Anfassen<\/figcaption><\/figure>\n\n\n\n<div style=\"height:20px\" aria-hidden=\"true\" class=\"wp-block-spacer\"><\/div>\n\n\n\n<p>Nun ging es aber an den eigentlichen Teil der Aktion. Das Retten der Kitze. Die Kinder hatten schon ein super Plakat gebastelt mit allerhand wissenswertem \u00fcber das Kitz. Eben auch, dass es mit seinen wei\u00dfen Punkten bestens im hohen Gras getarnt ist und deshalb nicht wegl\u00e4uft, sondern sich bei Gefahr duckt und sich ganz ruhig verh\u00e4lt. <\/p>\n\n\n\n<div style=\"height:20px\" aria-hidden=\"true\" class=\"wp-block-spacer\"><\/div>\n\n\n\n<figure class=\"wp-block-image size-large\"><img loading=\"lazy\" width=\"1024\" height=\"768\" src=\"https:\/\/www.jagd-amberg.de\/wp-content\/uploads\/2023\/06\/230424_Jaeger-im-Kindergarten-2-1024x768.jpg\" alt=\"\" class=\"wp-image-3107\" srcset=\"https:\/\/www.jagd-amberg.de\/wp-content\/uploads\/2023\/06\/230424_Jaeger-im-Kindergarten-2-1024x768.jpg 1024w, https:\/\/www.jagd-amberg.de\/wp-content\/uploads\/2023\/06\/230424_Jaeger-im-Kindergarten-2-300x225.jpg 300w, https:\/\/www.jagd-amberg.de\/wp-content\/uploads\/2023\/06\/230424_Jaeger-im-Kindergarten-2-768x576.jpg 768w, https:\/\/www.jagd-amberg.de\/wp-content\/uploads\/2023\/06\/230424_Jaeger-im-Kindergarten-2-1536x1152.jpg 1536w, https:\/\/www.jagd-amberg.de\/wp-content\/uploads\/2023\/06\/230424_Jaeger-im-Kindergarten-2.jpg 1600w\" sizes=\"(max-width: 1024px) 100vw, 1024px\" \/><figcaption>Plakat der Kinder zum Rehkitz<\/figcaption><\/figure>\n\n\n\n<div style=\"height:20px\" aria-hidden=\"true\" class=\"wp-block-spacer\"><\/div>\n\n\n\n<p>Da aber unsere K\u00fche zu dieser Zeit gerne frisches Gras fressen, werden die Wiesen von den Bauern gem\u00e4ht und da die Kitze nicht aufspringen und davon h\u00fcpfen, laufen sie Gefahr totgem\u00e4ht zu werden. Um genau dies zu verhindern d\u00fcrfen die Kids t\u00e4tig werden. Sie d\u00fcrfen lustige und grausige Kitzscheuchen basteln. Als Vorlage hat der J\u00e4ger Andreas schon mal eine Pumucklscheuche mitgebracht. Zum Ende durften die Kinder noch eine kleine Apportier\u00fcbung von Jagdhund Kay bestaunen. <\/p>\n\n\n\n<div style=\"height:20px\" aria-hidden=\"true\" class=\"wp-block-spacer\"><\/div>\n\n\n\n<figure class=\"wp-block-image size-large\"><img loading=\"lazy\" width=\"768\" height=\"1024\" src=\"https:\/\/www.jagd-amberg.de\/wp-content\/uploads\/2023\/06\/230424_Jaeger-im-Kindergarten-4-768x1024.jpg\" alt=\"\" class=\"wp-image-3108\" srcset=\"https:\/\/www.jagd-amberg.de\/wp-content\/uploads\/2023\/06\/230424_Jaeger-im-Kindergarten-4-768x1024.jpg 768w, https:\/\/www.jagd-amberg.de\/wp-content\/uploads\/2023\/06\/230424_Jaeger-im-Kindergarten-4-225x300.jpg 225w, https:\/\/www.jagd-amberg.de\/wp-content\/uploads\/2023\/06\/230424_Jaeger-im-Kindergarten-4-1152x1536.jpg 1152w, https:\/\/www.jagd-amberg.de\/wp-content\/uploads\/2023\/06\/230424_Jaeger-im-Kindergarten-4.jpg 1200w\" sizes=\"(max-width: 768px) 100vw, 768px\" \/><figcaption>Pumuckl-Scheuche<\/figcaption><\/figure>\n\n\n\n<div style=\"height:20px\" aria-hidden=\"true\" class=\"wp-block-spacer\"><\/div>\n\n\n\n<p>Im zweiten Teil gab es einen Exkurs in die Wiese. Mit dabei waren die Geschwister der Kindergartenkinder und deren Eltern. Auch der Landwirt Christian B\u00e4umler, dessen Wiesen wir absuchten war dabei. Zu Anfang erz\u00e4hlte Andreas Geilersd\u00f6rfer noch etwas \u00fcber das Verhalten im Wald und bei der Kitzsuche. Christian B\u00e4umler stellte einen Schlepper samt M\u00e4hwerk mit einer beachtlichen Breite von 7 m  zur Veranschaulichung zur Verf\u00fcgung. <\/p>\n\n\n\n<div style=\"height:20px\" aria-hidden=\"true\" class=\"wp-block-spacer\"><\/div>\n\n\n\n<figure class=\"wp-block-image size-large\"><img loading=\"lazy\" width=\"1024\" height=\"675\" src=\"https:\/\/www.jagd-amberg.de\/wp-content\/uploads\/2023\/06\/230512_Kids-for-Kids-2023-2-1024x675.jpg\" alt=\"\" class=\"wp-image-3113\" srcset=\"https:\/\/www.jagd-amberg.de\/wp-content\/uploads\/2023\/06\/230512_Kids-for-Kids-2023-2-1024x675.jpg 1024w, https:\/\/www.jagd-amberg.de\/wp-content\/uploads\/2023\/06\/230512_Kids-for-Kids-2023-2-300x198.jpg 300w, https:\/\/www.jagd-amberg.de\/wp-content\/uploads\/2023\/06\/230512_Kids-for-Kids-2023-2-768x506.jpg 768w, https:\/\/www.jagd-amberg.de\/wp-content\/uploads\/2023\/06\/230512_Kids-for-Kids-2023-2-1536x1012.jpg 1536w, https:\/\/www.jagd-amberg.de\/wp-content\/uploads\/2023\/06\/230512_Kids-for-Kids-2023-2.jpg 1612w\" sizes=\"(max-width: 1024px) 100vw, 1024px\" \/><figcaption>Die flei\u00dfigen Kitzesucher mit Jagdp\u00e4chter Andreas Geilersd\u00f6rfer (hinten Mitte) und Landwirt Christian B\u00e4umler (Traktor)<\/figcaption><\/figure>\n\n\n\n<div style=\"height:20px\" aria-hidden=\"true\" class=\"wp-block-spacer\"><\/div>\n\n\n\n<p>Aber nicht nur zu Fu\u00df und mit Scheuchen werden die Wiesen abgesucht um die Kitze aus den Wiesen zu bef\u00f6rdern, sondern auch mit Drohnen werden gro\u00dfe Fl\u00e4chen von den Landwirten abgesucht, erkl\u00e4rte Christian. So wird effektiv in guter Zusammenarbeit von Bauern und J\u00e4gern Naturschutz betrieben. <\/p>\n\n\n\n<p>Nun ging es aber los in das hohe Gras um die Scheuchen aufzustellen und vielleicht ein Kitz zu finden. Schnell wurden die ersten Liegestellen gefunden, in denen wohl die Gei\u00df die Nacht verbracht hat. Nachdem die ersten Scheuchen aufgestellt waren, wurde es auf einmal ruhig und eine kleine Traube von Kindern fing an hektisch zu winken. Und tats\u00e4chlich, da lag ein Kitz im hohen Gras in der Sonne. Nun konnten es die Kinder mit etwas Abstand bestaunen und stellten fest wie klein ein solches Kitz doch ist. Nun zogen wir uns wieder leise und vorsichtig zur\u00fcck und suchten weiter die Wiesen ab. Auf einmal bildet sich wieder eine Kindertraube, dieses Mal allerdings nicht so leise. Es wurde die Eisbox gefunden, die vorher am Ende der Wiese versteckt wurde. Die Kinder lie\u00dfen sich ihre Belohnung schmecken und waren ganz begeistert von den vielen Eindr\u00fccken die sie in den letzten Tagen von der Jagd, von der Landwirtschaft und von der Natur gesammelt haben.<\/p>\n\n\n\n<div style=\"height:20px\" aria-hidden=\"true\" class=\"wp-block-spacer\"><\/div>\n\n\n\n<figure class=\"wp-container-2 wp-block-gallery-1 wp-block-gallery has-nested-images columns-2 is-cropped\">\n<figure class=\"wp-block-image size-large\"><img loading=\"lazy\" width=\"1536\" height=\"2048\" data-id=\"3114\"  src=\"https:\/\/www.jagd-amberg.de\/wp-content\/uploads\/2023\/06\/230512_Kids-for-Kids-2023-3.jpg\" alt=\"\" class=\"wp-image-3114\" srcset=\"https:\/\/www.jagd-amberg.de\/wp-content\/uploads\/2023\/06\/230512_Kids-for-Kids-2023-3.jpg 1536w, https:\/\/www.jagd-amberg.de\/wp-content\/uploads\/2023\/06\/230512_Kids-for-Kids-2023-3-225x300.jpg 225w, https:\/\/www.jagd-amberg.de\/wp-content\/uploads\/2023\/06\/230512_Kids-for-Kids-2023-3-768x1024.jpg 768w, https:\/\/www.jagd-amberg.de\/wp-content\/uploads\/2023\/06\/230512_Kids-for-Kids-2023-3-1152x1536.jpg 1152w\" sizes=\"(max-width: 1536px) 100vw, 1536px\" \/><\/figure>\n\n\n\n<figure class=\"wp-block-image size-large\"><img loading=\"lazy\" width=\"1200\" height=\"1600\" data-id=\"3112\"  src=\"https:\/\/www.jagd-amberg.de\/wp-content\/uploads\/2023\/06\/230512_Kids-for-Kids-2023-1.jpg\" alt=\"\" class=\"wp-image-3112\" srcset=\"https:\/\/www.jagd-amberg.de\/wp-content\/uploads\/2023\/06\/230512_Kids-for-Kids-2023-1.jpg 1200w, https:\/\/www.jagd-amberg.de\/wp-content\/uploads\/2023\/06\/230512_Kids-for-Kids-2023-1-225x300.jpg 225w, https:\/\/www.jagd-amberg.de\/wp-content\/uploads\/2023\/06\/230512_Kids-for-Kids-2023-1-768x1024.jpg 768w, https:\/\/www.jagd-amberg.de\/wp-content\/uploads\/2023\/06\/230512_Kids-for-Kids-2023-1-1152x1536.jpg 1152w\" sizes=\"(max-width: 1200px) 100vw, 1200px\" \/><\/figure>\n\n\n\n<figure class=\"wp-block-image size-large\"><img loading=\"lazy\" width=\"1783\" height=\"2048\" data-id=\"3111\"  src=\"https:\/\/www.jagd-amberg.de\/wp-content\/uploads\/2023\/06\/230512_Kids-for-Kids-2023-5.jpg\" alt=\"\" class=\"wp-image-3111\" srcset=\"https:\/\/www.jagd-amberg.de\/wp-content\/uploads\/2023\/06\/230512_Kids-for-Kids-2023-5.jpg 1783w, https:\/\/www.jagd-amberg.de\/wp-content\/uploads\/2023\/06\/230512_Kids-for-Kids-2023-5-261x300.jpg 261w, https:\/\/www.jagd-amberg.de\/wp-content\/uploads\/2023\/06\/230512_Kids-for-Kids-2023-5-892x1024.jpg 892w, https:\/\/www.jagd-amberg.de\/wp-content\/uploads\/2023\/06\/230512_Kids-for-Kids-2023-5-768x882.jpg 768w, https:\/\/www.jagd-amberg.de\/wp-content\/uploads\/2023\/06\/230512_Kids-for-Kids-2023-5-1337x1536.jpg 1337w\" sizes=\"(max-width: 1783px) 100vw, 1783px\" \/><\/figure>\n\n\n\n<figure class=\"wp-block-image size-large\"><img loading=\"lazy\" width=\"1734\" height=\"1809\" data-id=\"3115\"  src=\"https:\/\/www.jagd-amberg.de\/wp-content\/uploads\/2023\/06\/230512_Kids-for-Kids-2023-4.jpg\" alt=\"\" class=\"wp-image-3115\" srcset=\"https:\/\/www.jagd-amberg.de\/wp-content\/uploads\/2023\/06\/230512_Kids-for-Kids-2023-4.jpg 1734w, https:\/\/www.jagd-amberg.de\/wp-content\/uploads\/2023\/06\/230512_Kids-for-Kids-2023-4-288x300.jpg 288w, https:\/\/www.jagd-amberg.de\/wp-content\/uploads\/2023\/06\/230512_Kids-for-Kids-2023-4-982x1024.jpg 982w, https:\/\/www.jagd-amberg.de\/wp-content\/uploads\/2023\/06\/230512_Kids-for-Kids-2023-4-768x801.jpg 768w, https:\/\/www.jagd-amberg.de\/wp-content\/uploads\/2023\/06\/230512_Kids-for-Kids-2023-4-1472x1536.jpg 1472w\" sizes=\"(max-width: 1734px) 100vw, 1734px\" \/><\/figure>\n<figcaption class=\"blocks-gallery-caption\">Impressionen von der Kitzsuche<\/figcaption><\/figure>\n","protected":false},"excerpt":{"rendered":"<p>Die Kinder vom Kohlberger Kindergarten Arche Noach staunten nicht schlecht als pl\u00f6tzlich ein J\u00e4ger samt Rucksack und Hund in der T\u00fcr stand. Auch dieses Jahr gab es wieder eine Aktion Kids for Kitz&#46;&#46;&#46;<\/p>\n","protected":false},"author":1,"featured_media":3113,"comment_status":"closed","ping_status":"closed","sticky":false,"template":"","format":"standard","meta":[],"categories":[30,89],"tags":[88,72,53,71,31,54,49],"_links":{"self":[{"href":"https:\/\/www.jagd-amberg.de\/index.php?rest_route=\/wp\/v2\/posts\/3104"}],"collection":[{"href":"https:\/\/www.jagd-amberg.de\/index.php?rest_route=\/wp\/v2\/posts"}],"about":[{"href":"https:\/\/www.jagd-amberg.de\/index.php?rest_route=\/wp\/v2\/types\/post"}],"author":[{"embeddable":true,"href":"https:\/\/www.jagd-amberg.de\/index.php?rest_route=\/wp\/v2\/users\/1"}],"replies":[{"embeddable":true,"href":"https:\/\/www.jagd-amberg.de\/index.php?rest_route=%2Fwp%2Fv2%2Fcomments&post=3104"}],"version-history":[{"count":5,"href":"https:\/\/www.jagd-amberg.de\/index.php?rest_route=\/wp\/v2\/posts\/3104\/revisions"}],"predecessor-version":[{"id":3118,"href":"https:\/\/www.jagd-amberg.de\/index.php?rest_route=\/wp\/v2\/posts\/3104\/revisions\/3118"}],"wp:featuredmedia":[{"embeddable":true,"href":"https:\/\/www.jagd-amberg.de\/index.php?rest_route=\/wp\/v2\/media\/3113"}],"wp:attachment":[{"href":"https:\/\/www.jagd-amberg.de\/index.php?rest_route=%2Fwp%2Fv2%2Fmedia&parent=3104"}],"wp:term":[{"taxonomy":"category","embeddable":true,"href":"https:\/\/www.jagd-amberg.de\/index.php?rest_route=%2Fwp%2Fv2%2Fcategories&post=3104"},{"taxonomy":"post_tag","embeddable":true,"href":"https:\/\/www.jagd-amberg.de\/index.php?rest_route=%2Fwp%2Fv2%2Ftags&post=3104"}],"curies":[{"name":"wp","href":"https:\/\/api.w.org\/{rel}","templated":true}]}}