{"id":3122,"date":"2023-05-15T12:42:00","date_gmt":"2023-05-15T10:42:00","guid":{"rendered":"https:\/\/www.jagd-amberg.de\/?p=3122"},"modified":"2023-06-23T12:51:53","modified_gmt":"2023-06-23T10:51:53","slug":"aktionstag-lebensraum-wiese","status":"publish","type":"post","link":"https:\/\/www.jagd-amberg.de\/?p=3122","title":{"rendered":"Aktionstag Lebensraum Wiese"},"content":{"rendered":"\n<p>Das Amt f\u00fcr Ern\u00e4hrung, Landwirtschaft und Forsten (AELF) Regensburg-Schwandorf hatte f\u00fcr den 3. Mai 2023 zu einem Aktionstag &#8220;Lebensraum Wiese&#8221; eingeladen.<\/p>\n\n\n\n<p>Wildlebensraumberater Balduin Sch\u00f6nberger leitete sehr engagiert die halbt\u00e4gige Veranstaltung, in der verschiedene Methoden im Zusammenhang mit der Wiesenmahd vorgestellt wurden, bei denen Niederwild, Insekten und bodenbr\u00fctende V\u00f6gel geschont werden sollen. <\/p>\n\n\n\n<p>Auf Fl\u00e4chen bei Lindenlohe wurden diverse (v.a. insektenschonende) Maschinen vorgef\u00fchrt sowie weitere M\u00f6glichkeiten zur Unterst\u00fctzung vor der Mahd aufgezeigt. Letztere waren die f\u00fcr uns J\u00e4ger interessanten<\/p>\n\n\n\n<p>&#8211; Akustischen Wildretter und<br>&#8211; Dohneneinsatz<\/p>\n\n\n\n<p>Die Veranstaltung war mit ca. 40 Personen (v.a. Landwirte, J\u00e4ger, Firmenvertreter) recht gut besucht. <\/p>\n\n\n\n<p>Als Informationsquelle f\u00fcr uns \u2013 und vor allem f\u00fcr die Landwirtschaft \u2013 kann der <strong>\u201eM\u00e4h- Knigge\u201c<\/strong> verwendet werden. <br>Den gibt es im Internet als Download: <a href=\"https:\/\/www.lfl.bayern.de\/ilt\/pflanzenbau\/gruenland\/224467\/index.php\" target=\"_blank\" rel=\"noreferrer noopener\">Der LfL-M\u00e4hknigge &#8211; LfL (lfl.bayern.de)<\/a> <\/p>\n\n\n\n<p>Zuletzt der Hinweis auf die f\u00fcr Landwirte <strong>nicht unkritische Rechtslage<\/strong>: <a href=\"https:\/\/www.agrarheute.com\/technik\/gruenlandtechnik\/rechtsfragen-kitzrettung-muessen-landwirte-beachten-580223\" target=\"_blank\" rel=\"noreferrer noopener\">Rechtsfragen zur Kitzrettung: Das m\u00fcssen Landwirte beachten (agrarheute.com)<\/a> f\u00fcr uns als Hintergrundinfo. <\/p>\n\n\n\n<div style=\"height:20px\" aria-hidden=\"true\" class=\"wp-block-spacer\"><\/div>\n\n\n\n<p><strong>Peter Fr\u00f6hlich<\/strong>, BJV KG Amberg<\/p>\n\n\n\n<div style=\"height:40px\" aria-hidden=\"true\" class=\"wp-block-spacer\"><\/div>\n\n\n\n<figure class=\"wp-container-2 wp-block-gallery-1 wp-block-gallery has-nested-images columns-2 is-cropped\">\n<figure class=\"wp-block-image size-large\"><img loading=\"lazy\" width=\"2099\" height=\"1920\" data-id=\"3125\"  src=\"https:\/\/www.jagd-amberg.de\/wp-content\/uploads\/2023\/06\/230503_Aktionstag-Wiese-2-scaled-e1687517011960.jpg\" alt=\"\" class=\"wp-image-3125\" srcset=\"https:\/\/www.jagd-amberg.de\/wp-content\/uploads\/2023\/06\/230503_Aktionstag-Wiese-2-scaled-e1687517011960.jpg 2099w, https:\/\/www.jagd-amberg.de\/wp-content\/uploads\/2023\/06\/230503_Aktionstag-Wiese-2-scaled-e1687517011960-300x274.jpg 300w, https:\/\/www.jagd-amberg.de\/wp-content\/uploads\/2023\/06\/230503_Aktionstag-Wiese-2-scaled-e1687517011960-1024x937.jpg 1024w, https:\/\/www.jagd-amberg.de\/wp-content\/uploads\/2023\/06\/230503_Aktionstag-Wiese-2-scaled-e1687517011960-768x703.jpg 768w, https:\/\/www.jagd-amberg.de\/wp-content\/uploads\/2023\/06\/230503_Aktionstag-Wiese-2-scaled-e1687517011960-1536x1405.jpg 1536w, https:\/\/www.jagd-amberg.de\/wp-content\/uploads\/2023\/06\/230503_Aktionstag-Wiese-2-scaled-e1687517011960-2048x1873.jpg 2048w\" sizes=\"(max-width: 2099px) 100vw, 2099px\" \/><\/figure>\n\n\n\n<figure class=\"wp-block-image size-large\"><img loading=\"lazy\" width=\"1970\" height=\"2560\" data-id=\"3126\"  src=\"https:\/\/www.jagd-amberg.de\/wp-content\/uploads\/2023\/06\/230503_Aktionstag-Wiese-3-scaled.jpg\" alt=\"\" class=\"wp-image-3126\" srcset=\"https:\/\/www.jagd-amberg.de\/wp-content\/uploads\/2023\/06\/230503_Aktionstag-Wiese-3-scaled.jpg 1970w, https:\/\/www.jagd-amberg.de\/wp-content\/uploads\/2023\/06\/230503_Aktionstag-Wiese-3-231x300.jpg 231w, https:\/\/www.jagd-amberg.de\/wp-content\/uploads\/2023\/06\/230503_Aktionstag-Wiese-3-788x1024.jpg 788w, https:\/\/www.jagd-amberg.de\/wp-content\/uploads\/2023\/06\/230503_Aktionstag-Wiese-3-768x998.jpg 768w, https:\/\/www.jagd-amberg.de\/wp-content\/uploads\/2023\/06\/230503_Aktionstag-Wiese-3-1182x1536.jpg 1182w, https:\/\/www.jagd-amberg.de\/wp-content\/uploads\/2023\/06\/230503_Aktionstag-Wiese-3-1576x2048.jpg 1576w\" sizes=\"(max-width: 1970px) 100vw, 1970px\" \/><\/figure>\n\n\n\n<figure class=\"wp-block-image size-large\"><img loading=\"lazy\" width=\"2560\" height=\"1487\" data-id=\"3124\"  src=\"https:\/\/www.jagd-amberg.de\/wp-content\/uploads\/2023\/06\/230503_Aktionstag-Wiese-1-scaled.jpg\" alt=\"\" class=\"wp-image-3124\" srcset=\"https:\/\/www.jagd-amberg.de\/wp-content\/uploads\/2023\/06\/230503_Aktionstag-Wiese-1-scaled.jpg 2560w, https:\/\/www.jagd-amberg.de\/wp-content\/uploads\/2023\/06\/230503_Aktionstag-Wiese-1-300x174.jpg 300w, https:\/\/www.jagd-amberg.de\/wp-content\/uploads\/2023\/06\/230503_Aktionstag-Wiese-1-1024x595.jpg 1024w, https:\/\/www.jagd-amberg.de\/wp-content\/uploads\/2023\/06\/230503_Aktionstag-Wiese-1-768x446.jpg 768w, https:\/\/www.jagd-amberg.de\/wp-content\/uploads\/2023\/06\/230503_Aktionstag-Wiese-1-1536x892.jpg 1536w, https:\/\/www.jagd-amberg.de\/wp-content\/uploads\/2023\/06\/230503_Aktionstag-Wiese-1-2048x1189.jpg 2048w\" sizes=\"(max-width: 2560px) 100vw, 2560px\" \/><\/figure>\n<figcaption class=\"blocks-gallery-caption\">Impressionen vom Aktionstag Lebensraum Wiese<\/figcaption><\/figure>\n","protected":false},"excerpt":{"rendered":"<p>Das Amt f\u00fcr Ern\u00e4hrung, Landwirtschaft und Forsten (AELF) Regensburg-Schwandorf hatte f\u00fcr den 3. Mai 2023 zu einem Aktionstag &#8220;Lebensraum Wiese&#8221; eingeladen. Wildlebensraumberater Balduin Sch\u00f6nberger leitete sehr engagiert die halbt\u00e4gige Veranstaltung, in der verschiedene&#46;&#46;&#46;<\/p>\n","protected":false},"author":1,"featured_media":3125,"comment_status":"closed","ping_status":"closed","sticky":false,"template":"","format":"standard","meta":[],"categories":[30],"tags":[71,31,49,60],"_links":{"self":[{"href":"https:\/\/www.jagd-amberg.de\/index.php?rest_route=\/wp\/v2\/posts\/3122"}],"collection":[{"href":"https:\/\/www.jagd-amberg.de\/index.php?rest_route=\/wp\/v2\/posts"}],"about":[{"href":"https:\/\/www.jagd-amberg.de\/index.php?rest_route=\/wp\/v2\/types\/post"}],"author":[{"embeddable":true,"href":"https:\/\/www.jagd-amberg.de\/index.php?rest_route=\/wp\/v2\/users\/1"}],"replies":[{"embeddable":true,"href":"https:\/\/www.jagd-amberg.de\/index.php?rest_route=%2Fwp%2Fv2%2Fcomments&post=3122"}],"version-history":[{"count":3,"href":"https:\/\/www.jagd-amberg.de\/index.php?rest_route=\/wp\/v2\/posts\/3122\/revisions"}],"predecessor-version":[{"id":3129,"href":"https:\/\/www.jagd-amberg.de\/index.php?rest_route=\/wp\/v2\/posts\/3122\/revisions\/3129"}],"wp:featuredmedia":[{"embeddable":true,"href":"https:\/\/www.jagd-amberg.de\/index.php?rest_route=\/wp\/v2\/media\/3125"}],"wp:attachment":[{"href":"https:\/\/www.jagd-amberg.de\/index.php?rest_route=%2Fwp%2Fv2%2Fmedia&parent=3122"}],"wp:term":[{"taxonomy":"category","embeddable":true,"href":"https:\/\/www.jagd-amberg.de\/index.php?rest_route=%2Fwp%2Fv2%2Fcategories&post=3122"},{"taxonomy":"post_tag","embeddable":true,"href":"https:\/\/www.jagd-amberg.de\/index.php?rest_route=%2Fwp%2Fv2%2Ftags&post=3122"}],"curies":[{"name":"wp","href":"https:\/\/api.w.org\/{rel}","templated":true}]}}