{"id":3248,"date":"2023-10-26T12:43:57","date_gmt":"2023-10-26T10:43:57","guid":{"rendered":"https:\/\/www.jagd-amberg.de\/?p=3248"},"modified":"2024-01-27T22:03:17","modified_gmt":"2024-01-27T21:03:17","slug":"brauchbarkeitspruefung-2023","status":"publish","type":"post","link":"https:\/\/www.jagd-amberg.de\/?p=3248","title":{"rendered":"Brauchbarkeitspr\u00fcfung 2023"},"content":{"rendered":"\n<p>Am 08.10.2023 wurde in Wolfsbach die Brauchbarkeitspr\u00fcfung der Kreisgruppe Amberg f\u00fcr Jagdhunde unter der Pr\u00fcfungsleitung von Ute Ehebauer abgehalten. Ein notwendiger Kurs begann f\u00fcr die Hundef\u00fchrer im M\u00e4rz 2023 und endete mit der Pr\u00fcfung im Oktober. W\u00f6chentlich fanden sehr viele \u00dcbungsstunden statt, die alle Gespanne gerne mit gro\u00dfem Interesse und Pflichtgef\u00fchl annahmen.<\/p>\n\n\n\n<p>Als Pr\u00fcfungsrichter fungierten Josef Schmidt aus Schwandorf, Michael Krottenthaler aus Roding, Reinhold Galli aus Rieden, Franz Ehebauer aus Wolfsbach und Ruppert Schmid aus Amberg. Von den elf gemeldeten Hunden der Rassen Deutsch Drahthaar, Deutsch Kurzhaar, Kleiner M\u00fcnsterl\u00e4nder, Deutscher Jagdterrier, Kurzhaardackel, Tiroler Bracke und Flat-Coated-Retriever traten acht zur Pr\u00fcfung an. Alle wurden durchgepr\u00fcft und bestanden erfolgreich.<\/p>\n\n\n\n<div style=\"height:20px\" aria-hidden=\"true\" class=\"wp-block-spacer\"><\/div>\n\n\n\n<p><strong>F\u00fcnf Pr\u00fcflinge<\/strong> absolvierten neun Pr\u00fcfungsf\u00e4cher um die <strong>allgemeine Brauchbarkeit<\/strong> zur Nachsuche auf Niederwild und Schalenwild zu erlangen.<\/p>\n\n\n\n<p>Suchensieger und Pr\u00fcfungsbester mit voller Punktzahl wurde hier<\/p>\n\n\n\n<p><strong>Katharina Wedel aus Ebermannsdorf mit der<\/strong> <strong>Deutsch Kurzhaar H\u00fcndin Aska vom Dexterhof<\/strong><\/p>\n\n\n\n<div style=\"height:20px\" aria-hidden=\"true\" class=\"wp-block-spacer\"><\/div>\n\n\n\n<p><strong>Drei Gespanne<\/strong> arbeiteten f\u00fcnf Pr\u00fcfungsf\u00e4cher f\u00fcr die <strong>Brauchbarkeit nur zur Nachsuche auf Schalenwild<\/strong>.<\/p>\n\n\n\n<p>Suchensieger und Pr\u00fcfungsbester, ebenfalls mit voller Punktzahl wurde<\/p>\n\n\n\n<p><strong>Johannes Scharl aus Fensterbach mit dem<\/strong> <strong>Kurzhaardackel R\u00fcden Corby vom Weigler Wald<\/strong><\/p>\n\n\n\n<div style=\"height:20px\" aria-hidden=\"true\" class=\"wp-block-spacer\"><\/div>\n\n\n\n<p><strong>Waidmannsheil<\/strong> <strong>f\u00fcr diese hervorragenden Leistungen!<\/strong><\/p>\n\n\n\n<div style=\"height:20px\" aria-hidden=\"true\" class=\"wp-block-spacer\"><\/div>\n\n\n\n<figure class=\"wp-block-image size-large\"><img loading=\"lazy\" width=\"1024\" height=\"440\" src=\"https:\/\/www.jagd-amberg.de\/wp-content\/uploads\/2023\/10\/231008_BP-2023-e1698316782645-1024x440.jpg\" alt=\"\" class=\"wp-image-3247\" srcset=\"https:\/\/www.jagd-amberg.de\/wp-content\/uploads\/2023\/10\/231008_BP-2023-e1698316782645-1024x440.jpg 1024w, https:\/\/www.jagd-amberg.de\/wp-content\/uploads\/2023\/10\/231008_BP-2023-e1698316782645-300x129.jpg 300w, https:\/\/www.jagd-amberg.de\/wp-content\/uploads\/2023\/10\/231008_BP-2023-e1698316782645-768x330.jpg 768w, https:\/\/www.jagd-amberg.de\/wp-content\/uploads\/2023\/10\/231008_BP-2023-e1698316782645-1536x660.jpg 1536w, https:\/\/www.jagd-amberg.de\/wp-content\/uploads\/2023\/10\/231008_BP-2023-e1698316782645.jpg 2048w\" sizes=\"(max-width: 1024px) 100vw, 1024px\" \/><figcaption>Hundeobfrau Ute Ehebauer (8.v.l.) mit Mitausbilder Reinhold Galli (5.v.l.), 1. Vorsitzenden Ruppert Schmid (3.v.r.), den Jagdhornbl\u00e4sern der KG Amberg (links) und den Teilnehmern der Brauchbarkeitspr\u00fcfung 2023<\/figcaption><\/figure>\n\n\n\n<div style=\"height:20px\" aria-hidden=\"true\" class=\"wp-block-spacer\"><\/div>\n\n\n\n<p>Nach der Pr\u00fcfung fand ein gem\u00fctliches Beisammensein in der Gastst\u00e4tte \u201eSch\u00fctzenheim\u201c<strong> <\/strong>Wolfsbach statt.<\/p>\n\n\n\n<p>Nach einem verdienten Essen f\u00fcr alle Beteiligten, wurde jedem Hundef\u00fchrer eine Urkunde zu der bestandenen Pr\u00fcfung mit einem Erinnerungsgeschenk \u00fcberreicht. Die Jagdhornbl\u00e4ser der Kreisgruppe Amberg umrahmten die Feierlichkeiten w\u00fcrdevoll mit ihren H\u00f6rner-Kl\u00e4ngen.<\/p>\n\n\n\n<p>Im Anschluss hatte der 1. Vorsitzende der KG Amberg Ruppert Schmid lobende Worte an die Ausbilder, sowie den Hundef\u00fchrern viel Waidmannsheil zur bestandenen Pr\u00fcfung ausgesprochen. Einen ganz besonders Dank sprach er dem Revierinhaber Franz Ehebauer aus, es ist nicht selbstverst\u00e4ndlich jede Woche Hunde zur Ausbildung im Revier zu dulden.<\/p>\n\n\n\n<div style=\"height:20px\" aria-hidden=\"true\" class=\"wp-block-spacer\"><\/div>\n\n\n\n<p><strong>Ute Ehebauer<\/strong>, Hundeobfrau der KG Amberg<\/p>\n","protected":false},"excerpt":{"rendered":"<p>Am 08.10.2023 wurde in Wolfsbach die Brauchbarkeitspr\u00fcfung der Kreisgruppe Amberg f\u00fcr Jagdhunde unter der Pr\u00fcfungsleitung von Ute Ehebauer abgehalten. Ein notwendiger Kurs begann f\u00fcr die Hundef\u00fchrer im M\u00e4rz 2023 und endete mit der&#46;&#46;&#46;<\/p>\n","protected":false},"author":1,"featured_media":3253,"comment_status":"closed","ping_status":"closed","sticky":false,"template":"","format":"standard","meta":[],"categories":[4],"tags":[28,42,29],"_links":{"self":[{"href":"https:\/\/www.jagd-amberg.de\/index.php?rest_route=\/wp\/v2\/posts\/3248"}],"collection":[{"href":"https:\/\/www.jagd-amberg.de\/index.php?rest_route=\/wp\/v2\/posts"}],"about":[{"href":"https:\/\/www.jagd-amberg.de\/index.php?rest_route=\/wp\/v2\/types\/post"}],"author":[{"embeddable":true,"href":"https:\/\/www.jagd-amberg.de\/index.php?rest_route=\/wp\/v2\/users\/1"}],"replies":[{"embeddable":true,"href":"https:\/\/www.jagd-amberg.de\/index.php?rest_route=%2Fwp%2Fv2%2Fcomments&post=3248"}],"version-history":[{"count":8,"href":"https:\/\/www.jagd-amberg.de\/index.php?rest_route=\/wp\/v2\/posts\/3248\/revisions"}],"predecessor-version":[{"id":3324,"href":"https:\/\/www.jagd-amberg.de\/index.php?rest_route=\/wp\/v2\/posts\/3248\/revisions\/3324"}],"wp:featuredmedia":[{"embeddable":true,"href":"https:\/\/www.jagd-amberg.de\/index.php?rest_route=\/wp\/v2\/media\/3253"}],"wp:attachment":[{"href":"https:\/\/www.jagd-amberg.de\/index.php?rest_route=%2Fwp%2Fv2%2Fmedia&parent=3248"}],"wp:term":[{"taxonomy":"category","embeddable":true,"href":"https:\/\/www.jagd-amberg.de\/index.php?rest_route=%2Fwp%2Fv2%2Fcategories&post=3248"},{"taxonomy":"post_tag","embeddable":true,"href":"https:\/\/www.jagd-amberg.de\/index.php?rest_route=%2Fwp%2Fv2%2Ftags&post=3248"}],"curies":[{"name":"wp","href":"https:\/\/api.w.org\/{rel}","templated":true}]}}