{"id":3612,"date":"2024-11-18T15:52:00","date_gmt":"2024-11-18T14:52:00","guid":{"rendered":"https:\/\/www.jagd-amberg.de\/?p=3612"},"modified":"2025-01-09T17:47:34","modified_gmt":"2025-01-09T16:47:34","slug":"wildlandstiftung-in-amberg-update-herbst-2024","status":"publish","type":"post","link":"https:\/\/www.jagd-amberg.de\/?p=3612","title":{"rendered":"Wildlandstiftung in Amberg \u2013 Update Herbst 2024"},"content":{"rendered":"\n<p>Man konnte fast meinen, es tut sich nichts mehr an \u201eunseren\u201c sechs Weihern der Wildlandstiftung.<\/p>\n\n\n\n<p>Aber das t\u00e4uscht. Auch wenn an unseren \u00e4ltesten Erwerbungen in der Gemeinde Freudenberg die Entwicklung ruhig und reibungslos in \u00f6kologisch positiven Bahnen verl\u00e4uft, gab es an den sp\u00e4ter hinzugekommenen Grundst\u00fccken neben der regelm\u00e4\u00dfigen Pflege und Kontrolle doch einige augenscheinliche Ver\u00e4nderungen:<\/p>\n\n\n\n<div style=\"height:20px\" aria-hidden=\"true\" class=\"wp-block-spacer\"><\/div>\n\n\n\n<h2><strong>Die Weiheranlage am Krumbach, Gemarkung Aschach<\/strong><\/h2>\n\n\n\n<div class=\"wp-container-3 wp-block-columns\">\n<div class=\"wp-container-1 wp-block-column\">\n<figure class=\"wp-block-image size-full\"><img loading=\"lazy\" width=\"782\" height=\"559\" src=\"https:\/\/www.jagd-amberg.de\/wp-content\/uploads\/2024\/12\/241118_Wildland-Update1.jpg\" alt=\"\" class=\"wp-image-3595\" srcset=\"https:\/\/www.jagd-amberg.de\/wp-content\/uploads\/2024\/12\/241118_Wildland-Update1.jpg 782w, https:\/\/www.jagd-amberg.de\/wp-content\/uploads\/2024\/12\/241118_Wildland-Update1-300x214.jpg 300w, https:\/\/www.jagd-amberg.de\/wp-content\/uploads\/2024\/12\/241118_Wildland-Update1-768x549.jpg 768w\" sizes=\"(max-width: 782px) 100vw, 782px\" \/><figcaption>Einbau der Verbindungsleitung zwischen Bach und Weiher<\/figcaption><\/figure>\n<\/div>\n\n\n\n<div class=\"wp-container-2 wp-block-column\">\n<p>Im letzten Winter (Dez. 2023) wurden die wesentlichen Arbeiten (Erdbau und Rohrleitung) durch die Baufirma Braun aus Hahnbach, ausgef\u00fchrt.<\/p>\n\n\n\n<p>Die veranschlagten Kosten wurden eingehalten.<\/p>\n<\/div>\n<\/div>\n\n\n\n<div class=\"wp-container-6 wp-block-columns\">\n<div class=\"wp-container-4 wp-block-column\">\n<p>Im Fr\u00fchjahr\/Sommer 2024 schlossen sich dann noch Restarbeiten an. Beim ersten Hochwasser Ende 2023 mit 6 m\u00b3\/s wurde n\u00e4mlich plangem\u00e4\u00df Wasser aus dem Krumbach abgeleitet; allerdings stand das Wasser nur einige Tage im Teich, da der M\u00f6nch sanierungsbed\u00fcrftig und noch nicht richtig abgedichtet war.<\/p>\n<\/div>\n\n\n\n<div class=\"wp-container-5 wp-block-column\">\n<figure class=\"wp-block-image size-full\"><img loading=\"lazy\" width=\"770\" height=\"518\" src=\"https:\/\/www.jagd-amberg.de\/wp-content\/uploads\/2024\/12\/241118_Wildland-Update2.jpg\" alt=\"\" class=\"wp-image-3596\" srcset=\"https:\/\/www.jagd-amberg.de\/wp-content\/uploads\/2024\/12\/241118_Wildland-Update2.jpg 770w, https:\/\/www.jagd-amberg.de\/wp-content\/uploads\/2024\/12\/241118_Wildland-Update2-300x202.jpg 300w, https:\/\/www.jagd-amberg.de\/wp-content\/uploads\/2024\/12\/241118_Wildland-Update2-768x517.jpg 768w, https:\/\/www.jagd-amberg.de\/wp-content\/uploads\/2024\/12\/241118_Wildland-Update2-272x182.jpg 272w\" sizes=\"(max-width: 770px) 100vw, 770px\" \/><figcaption>Teichanlage nach dem ersten Hochwasser Ende 2023<\/figcaption><\/figure>\n<\/div>\n<\/div>\n\n\n\n<div class=\"wp-container-9 wp-block-columns\">\n<div class=\"wp-container-7 wp-block-column\">\n<figure class=\"wp-block-image size-full\"><img loading=\"lazy\" width=\"770\" height=\"562\" src=\"https:\/\/www.jagd-amberg.de\/wp-content\/uploads\/2024\/12\/241118_Wildland-Update3.jpg\" alt=\"\" class=\"wp-image-3597\" srcset=\"https:\/\/www.jagd-amberg.de\/wp-content\/uploads\/2024\/12\/241118_Wildland-Update3.jpg 770w, https:\/\/www.jagd-amberg.de\/wp-content\/uploads\/2024\/12\/241118_Wildland-Update3-300x219.jpg 300w, https:\/\/www.jagd-amberg.de\/wp-content\/uploads\/2024\/12\/241118_Wildland-Update3-768x561.jpg 768w\" sizes=\"(max-width: 770px) 100vw, 770px\" \/><figcaption>Sp\u00e4rlicher Wasserstand nach dem zweiten Hochwasser Anfang Juni 2024<\/figcaption><\/figure>\n<\/div>\n\n\n\n<div class=\"wp-container-8 wp-block-column\">\n<p>Bei einem zweiten Hochwasser Anfang Juni 2024 (8 m\u00b3\/s) zeigte sich, dass die dichte Ufervegetation den Einlauf in die Leitung behinderte und das System daher nur eine verringerte Leistungsf\u00e4higkeit hatte.<\/p>\n\n\n\n<p>Die Verbesserungsma\u00dfnahmen sind inzwischen abgeschlossen; das n\u00e4chste Hochwasser kann also kommen.<\/p>\n<\/div>\n<\/div>\n\n\n\n<figure class=\"wp-container-11 wp-block-gallery-10 wp-block-gallery has-nested-images columns-default is-cropped\">\n<figure class=\"wp-block-image size-large\"><img loading=\"lazy\" width=\"608\" height=\"850\" data-id=\"3598\"  src=\"https:\/\/www.jagd-amberg.de\/wp-content\/uploads\/2024\/12\/241118_Wildland-Update4.jpg\" alt=\"\" class=\"wp-image-3598\" srcset=\"https:\/\/www.jagd-amberg.de\/wp-content\/uploads\/2024\/12\/241118_Wildland-Update4.jpg 608w, https:\/\/www.jagd-amberg.de\/wp-content\/uploads\/2024\/12\/241118_Wildland-Update4-215x300.jpg 215w\" sizes=\"(max-width: 608px) 100vw, 608px\" \/><\/figure>\n\n\n\n<figure class=\"wp-block-image size-large\"><img loading=\"lazy\" width=\"720\" height=\"845\" data-id=\"3599\"  src=\"https:\/\/www.jagd-amberg.de\/wp-content\/uploads\/2024\/12\/241118_Wildland-Update5.jpg\" alt=\"\" class=\"wp-image-3599\" srcset=\"https:\/\/www.jagd-amberg.de\/wp-content\/uploads\/2024\/12\/241118_Wildland-Update5.jpg 720w, https:\/\/www.jagd-amberg.de\/wp-content\/uploads\/2024\/12\/241118_Wildland-Update5-256x300.jpg 256w\" sizes=\"(max-width: 720px) 100vw, 720px\" \/><\/figure>\n<figcaption class=\"blocks-gallery-caption\"><em>Naturschutzbeauftragter Peter Fr\u00f6hlich bei den Verbesserungsarbeiten an der Teichanlage (links) und der sanierte M\u00f6nch (rechts)<\/em><\/figcaption><\/figure>\n\n\n\n<div style=\"height:44px\" aria-hidden=\"true\" class=\"wp-block-spacer\"><\/div>\n\n\n\n<p>Im n\u00e4chsten Jahr bei besserem Wetter werden wir die Ma\u00dfnahme der Presse und den Fachstellen pr\u00e4sentieren.<\/p>\n\n\n\n<div style=\"height:50px\" aria-hidden=\"true\" class=\"wp-block-spacer\"><\/div>\n\n\n\n<h2><strong>Die Teichkette am Hennenbach<\/strong><\/h2>\n\n\n\n<p>Die Teiche hatten sich nach der Fertigstellung im Sommer 2019 gut entwickelt. Amphibien, diverse Entenarten, \u00fcppige und sehr abwechslungsreiche Vegetation stellten sich ein.<\/p>\n\n\n\n<figure class=\"wp-container-13 wp-block-gallery-12 wp-block-gallery has-nested-images columns-4 is-cropped\">\n<figure class=\"wp-block-image size-large\"><img loading=\"lazy\" width=\"392\" height=\"296\" data-id=\"3600\"  src=\"https:\/\/www.jagd-amberg.de\/wp-content\/uploads\/2024\/12\/241118_Wildland-Update6.jpg\" alt=\"\" class=\"wp-image-3600\" srcset=\"https:\/\/www.jagd-amberg.de\/wp-content\/uploads\/2024\/12\/241118_Wildland-Update6.jpg 392w, https:\/\/www.jagd-amberg.de\/wp-content\/uploads\/2024\/12\/241118_Wildland-Update6-300x227.jpg 300w\" sizes=\"(max-width: 392px) 100vw, 392px\" \/><\/figure>\n\n\n\n<figure class=\"wp-block-image size-large\"><img loading=\"lazy\" width=\"384\" height=\"295\" data-id=\"3601\"  src=\"https:\/\/www.jagd-amberg.de\/wp-content\/uploads\/2024\/12\/241118_Wildland-Update7.jpg\" alt=\"\" class=\"wp-image-3601\" srcset=\"https:\/\/www.jagd-amberg.de\/wp-content\/uploads\/2024\/12\/241118_Wildland-Update7.jpg 384w, https:\/\/www.jagd-amberg.de\/wp-content\/uploads\/2024\/12\/241118_Wildland-Update7-300x230.jpg 300w\" sizes=\"(max-width: 384px) 100vw, 384px\" \/><\/figure>\n\n\n\n<figure class=\"wp-block-image size-large\"><img loading=\"lazy\" width=\"386\" height=\"293\" data-id=\"3602\"  src=\"https:\/\/www.jagd-amberg.de\/wp-content\/uploads\/2024\/12\/241118_Wildland-Update8.jpg\" alt=\"\" class=\"wp-image-3602\" srcset=\"https:\/\/www.jagd-amberg.de\/wp-content\/uploads\/2024\/12\/241118_Wildland-Update8.jpg 386w, https:\/\/www.jagd-amberg.de\/wp-content\/uploads\/2024\/12\/241118_Wildland-Update8-300x228.jpg 300w\" sizes=\"(max-width: 386px) 100vw, 386px\" \/><\/figure>\n\n\n\n<figure class=\"wp-block-image size-large\"><img loading=\"lazy\" width=\"389\" height=\"289\" data-id=\"3603\"  src=\"https:\/\/www.jagd-amberg.de\/wp-content\/uploads\/2024\/12\/241118_Wildland-Update9.jpg\" alt=\"\" class=\"wp-image-3603\" srcset=\"https:\/\/www.jagd-amberg.de\/wp-content\/uploads\/2024\/12\/241118_Wildland-Update9.jpg 389w, https:\/\/www.jagd-amberg.de\/wp-content\/uploads\/2024\/12\/241118_Wildland-Update9-300x223.jpg 300w\" sizes=\"(max-width: 389px) 100vw, 389px\" \/><\/figure>\n<figcaption class=\"blocks-gallery-caption\"><em>Artenreiche und abwechslungsreiche Vegetation an der Teichkette am Hennenbach<\/em><\/figcaption><\/figure>\n\n\n\n<div style=\"height:40px\" aria-hidden=\"true\" class=\"wp-block-spacer\"><\/div>\n\n\n\n<p>Eine vom Landschaftspflegeverband (LPV) Amberg Sulzbach veranlasste Z\u00e4hlung ergab allein an diesen drei Weihern acht verschiedene Libellenarten. Fotos aus dem Bericht siehe unten.<\/p>\n\n\n<div class=\"wp-block-image\">\n<figure class=\"aligncenter size-full\"><img loading=\"lazy\" width=\"390\" height=\"432\" src=\"https:\/\/www.jagd-amberg.de\/wp-content\/uploads\/2024\/12\/241118_Wildland-Update10.jpg\" alt=\"\" class=\"wp-image-3604\" srcset=\"https:\/\/www.jagd-amberg.de\/wp-content\/uploads\/2024\/12\/241118_Wildland-Update10.jpg 390w, https:\/\/www.jagd-amberg.de\/wp-content\/uploads\/2024\/12\/241118_Wildland-Update10-271x300.jpg 271w\" sizes=\"(max-width: 390px) 100vw, 390px\" \/><figcaption>Vom LPV best\u00e4tigte Libellenarten an der Teichkette am Hennebach<\/figcaption><\/figure><\/div>\n\n\n<p>Und nicht zu vergessen: Wir haben hier einen erstklassigen Lebensraum nat\u00fcrlich auch f\u00fcr unser Wild!<\/p>\n\n\n\n<figure class=\"wp-block-image size-full\"><img loading=\"lazy\" width=\"727\" height=\"386\" src=\"https:\/\/www.jagd-amberg.de\/wp-content\/uploads\/2024\/12\/241118_Wildland-Update11.jpg\" alt=\"\" class=\"wp-image-3605\" srcset=\"https:\/\/www.jagd-amberg.de\/wp-content\/uploads\/2024\/12\/241118_Wildland-Update11.jpg 727w, https:\/\/www.jagd-amberg.de\/wp-content\/uploads\/2024\/12\/241118_Wildland-Update11-300x159.jpg 300w\" sizes=\"(max-width: 727px) 100vw, 727px\" \/><figcaption>Die Teichkette bietet Lebensraum f\u00fcr unser heimisches Wild.<\/figcaption><\/figure>\n\n\n\n<p>Die paradiesischen Verh\u00e4ltnisse \u00e4nderten sich, als ab 2022 \u201eMeister Bockert\u201c, wie der Biber in unseren Kreisen auch genannt wird, am Oberlauf des Hennenbachs (wieder) auftauchte.<\/p>\n\n\n\n<p>Der hat nun unter Verwendung dutzender junger B\u00e4ume seinen Gestaltungsdrang unter Beweis gestellt und ganze Arbeit geleistet: Der Hennenbach wurde auf eine Strecke von fast 500 m mit wenigstens f\u00fcnf D\u00e4mmen verbaut. Unter anderem so, dass an einer kritischen Stelle der ganze Bachquerschnitt 2,5 m hoch angestaut wurde, das Wasser \u00fcber unseren untersten Teichdamm abfloss und diesen langsam erodierte.<\/p>\n\n\n\n<figure class=\"wp-container-15 wp-block-gallery-14 wp-block-gallery has-nested-images columns-default is-cropped\">\n<figure class=\"wp-block-image size-large\"><img loading=\"lazy\" width=\"1024\" height=\"768\" data-id=\"3625\"  src=\"https:\/\/www.jagd-amberg.de\/wp-content\/uploads\/2025\/01\/241118_Wildland-Update12-1024x768.jpg\" alt=\"\" class=\"wp-image-3625\" srcset=\"https:\/\/www.jagd-amberg.de\/wp-content\/uploads\/2025\/01\/241118_Wildland-Update12-1024x768.jpg 1024w, https:\/\/www.jagd-amberg.de\/wp-content\/uploads\/2025\/01\/241118_Wildland-Update12-300x225.jpg 300w, https:\/\/www.jagd-amberg.de\/wp-content\/uploads\/2025\/01\/241118_Wildland-Update12-768x576.jpg 768w, https:\/\/www.jagd-amberg.de\/wp-content\/uploads\/2025\/01\/241118_Wildland-Update12-1536x1152.jpg 1536w, https:\/\/www.jagd-amberg.de\/wp-content\/uploads\/2025\/01\/241118_Wildland-Update12-2048x1536.jpg 2048w\" sizes=\"(max-width: 1024px) 100vw, 1024px\" \/><\/figure>\n\n\n\n<figure class=\"wp-block-image size-large\"><img loading=\"lazy\" width=\"1024\" height=\"768\" data-id=\"3626\"  src=\"https:\/\/www.jagd-amberg.de\/wp-content\/uploads\/2025\/01\/241118_Wildland-Update13-1024x768.jpg\" alt=\"\" class=\"wp-image-3626\" srcset=\"https:\/\/www.jagd-amberg.de\/wp-content\/uploads\/2025\/01\/241118_Wildland-Update13-1024x768.jpg 1024w, https:\/\/www.jagd-amberg.de\/wp-content\/uploads\/2025\/01\/241118_Wildland-Update13-300x225.jpg 300w, https:\/\/www.jagd-amberg.de\/wp-content\/uploads\/2025\/01\/241118_Wildland-Update13-768x576.jpg 768w, https:\/\/www.jagd-amberg.de\/wp-content\/uploads\/2025\/01\/241118_Wildland-Update13-1536x1152.jpg 1536w, https:\/\/www.jagd-amberg.de\/wp-content\/uploads\/2025\/01\/241118_Wildland-Update13-2048x1536.jpg 2048w\" sizes=\"(max-width: 1024px) 100vw, 1024px\" \/><\/figure>\n<figcaption class=\"blocks-gallery-caption\"><em>Durch den Biber errichtete D\u00e4mme<\/em><\/figcaption><\/figure>\n\n\n\n<div style=\"height:40px\" aria-hidden=\"true\" class=\"wp-block-spacer\"><\/div>\n\n\n\n<p>In Abstimmung mit den Fachstellen \u2013 schnell und effizient &#8211; sollte der kritische Biberdamm beseitigt werden. Mit der Gemeinde Freudenberg und dem LPV wurde er gleich Ende Oktober entfernt. Kaum jedoch war der Bagger abgefahren war unser Baumeister sofort wieder da und verschwand erst nach einigem gutem Zureden.<\/p>\n\n\n\n<figure class=\"wp-container-17 wp-block-gallery-16 wp-block-gallery has-nested-images columns-default is-cropped\">\n<figure class=\"wp-block-image size-large\"><img loading=\"lazy\" width=\"779\" height=\"426\" data-id=\"3608\"  src=\"https:\/\/www.jagd-amberg.de\/wp-content\/uploads\/2024\/12\/241118_Wildland-Update14.jpg\" alt=\"\" class=\"wp-image-3608\" srcset=\"https:\/\/www.jagd-amberg.de\/wp-content\/uploads\/2024\/12\/241118_Wildland-Update14.jpg 779w, https:\/\/www.jagd-amberg.de\/wp-content\/uploads\/2024\/12\/241118_Wildland-Update14-300x164.jpg 300w, https:\/\/www.jagd-amberg.de\/wp-content\/uploads\/2024\/12\/241118_Wildland-Update14-768x420.jpg 768w\" sizes=\"(max-width: 779px) 100vw, 779px\" \/><\/figure>\n\n\n\n<figure class=\"wp-block-image size-large\"><img loading=\"lazy\" width=\"791\" height=\"428\" data-id=\"3609\"  src=\"https:\/\/www.jagd-amberg.de\/wp-content\/uploads\/2024\/12\/241118_Wildland-Update15.jpg\" alt=\"\" class=\"wp-image-3609\" srcset=\"https:\/\/www.jagd-amberg.de\/wp-content\/uploads\/2024\/12\/241118_Wildland-Update15.jpg 791w, https:\/\/www.jagd-amberg.de\/wp-content\/uploads\/2024\/12\/241118_Wildland-Update15-300x162.jpg 300w, https:\/\/www.jagd-amberg.de\/wp-content\/uploads\/2024\/12\/241118_Wildland-Update15-768x416.jpg 768w\" sizes=\"(max-width: 791px) 100vw, 791px\" \/><\/figure>\n<figcaption class=\"blocks-gallery-caption\"><em>Baggerarbeiten zur Beseitung des kritischen Biberdamms (links) und der zur\u00fcckgekehrte Biber (rechts)<\/em><\/figcaption><\/figure>\n\n\n\n<div style=\"height:40px\" aria-hidden=\"true\" class=\"wp-block-spacer\"><\/div>\n\n\n\n<p>Der Bachlauf hatte zwischenzeitlich sehr gelitten. Statt eines ca. 0,5 km strukturreichen und \u00f6kologisch hochwertigen Mittelgebirgsbachs waren f\u00fcnf durchgehend verschlammte Staubereiche entstanden. Sehr schade.<\/p>\n\n\n\n<figure class=\"wp-block-image size-full\"><img loading=\"lazy\" width=\"777\" height=\"582\" src=\"https:\/\/www.jagd-amberg.de\/wp-content\/uploads\/2024\/12\/241118_Wildland-Update16.jpg\" alt=\"\" class=\"wp-image-3610\" srcset=\"https:\/\/www.jagd-amberg.de\/wp-content\/uploads\/2024\/12\/241118_Wildland-Update16.jpg 777w, https:\/\/www.jagd-amberg.de\/wp-content\/uploads\/2024\/12\/241118_Wildland-Update16-300x225.jpg 300w, https:\/\/www.jagd-amberg.de\/wp-content\/uploads\/2024\/12\/241118_Wildland-Update16-768x575.jpg 768w\" sizes=\"(max-width: 777px) 100vw, 777px\" \/><figcaption>Die vorherige Stau- und Sedimentationsgrenze  ist als schwarze Linie erkennbar<\/figcaption><\/figure>\n\n\n\n<p>Ich hoffe dass durch eine zus\u00e4tzliche \u201ebiberfeste\u201c Sicherungsma\u00dfnahme am Staurohr nun ein moderater Wasserstand im Teich gehalten werden kann<\/p>\n\n\n<div class=\"wp-block-image\">\n<figure class=\"aligncenter size-large\"><img loading=\"lazy\" width=\"768\" height=\"1024\" src=\"https:\/\/www.jagd-amberg.de\/wp-content\/uploads\/2025\/01\/241118_Wildland-Update17-768x1024.jpg\" alt=\"\" class=\"wp-image-3624\" srcset=\"https:\/\/www.jagd-amberg.de\/wp-content\/uploads\/2025\/01\/241118_Wildland-Update17-768x1024.jpg 768w, https:\/\/www.jagd-amberg.de\/wp-content\/uploads\/2025\/01\/241118_Wildland-Update17-225x300.jpg 225w, https:\/\/www.jagd-amberg.de\/wp-content\/uploads\/2025\/01\/241118_Wildland-Update17-1152x1536.jpg 1152w, https:\/\/www.jagd-amberg.de\/wp-content\/uploads\/2025\/01\/241118_Wildland-Update17-1536x2048.jpg 1536w, https:\/\/www.jagd-amberg.de\/wp-content\/uploads\/2025\/01\/241118_Wildland-Update17-scaled.jpg 1920w\" sizes=\"(max-width: 768px) 100vw, 768px\" \/><figcaption>biberfeste Sicherungsma\u00dfnahme am Staurohr<\/figcaption><\/figure><\/div>\n\n\n<p>Wir werden die Sache auch 2025 weiter im Blick haben\u2026<\/p>\n\n\n\n<div style=\"height:10px\" aria-hidden=\"true\" class=\"wp-block-spacer\"><\/div>\n\n\n\n<p><strong>Peter Fr\u00f6lich<\/strong>, Naturschutzbeauftragter der BJV-Kreisgruppe Amberg<br>18.11.2024<\/p>\n","protected":false},"excerpt":{"rendered":"<p>Man konnte fast meinen, es tut sich nichts mehr an \u201eunseren\u201c sechs Weihern der Wildlandstiftung. Aber das t\u00e4uscht. Auch wenn an unseren \u00e4ltesten Erwerbungen in der Gemeinde Freudenberg die Entwicklung ruhig und reibungslos&#46;&#46;&#46;<\/p>\n","protected":false},"author":1,"featured_media":3602,"comment_status":"closed","ping_status":"closed","sticky":false,"template":"","format":"standard","meta":[],"categories":[30],"tags":[72,31,68,60],"_links":{"self":[{"href":"https:\/\/www.jagd-amberg.de\/index.php?rest_route=\/wp\/v2\/posts\/3612"}],"collection":[{"href":"https:\/\/www.jagd-amberg.de\/index.php?rest_route=\/wp\/v2\/posts"}],"about":[{"href":"https:\/\/www.jagd-amberg.de\/index.php?rest_route=\/wp\/v2\/types\/post"}],"author":[{"embeddable":true,"href":"https:\/\/www.jagd-amberg.de\/index.php?rest_route=\/wp\/v2\/users\/1"}],"replies":[{"embeddable":true,"href":"https:\/\/www.jagd-amberg.de\/index.php?rest_route=%2Fwp%2Fv2%2Fcomments&post=3612"}],"version-history":[{"count":9,"href":"https:\/\/www.jagd-amberg.de\/index.php?rest_route=\/wp\/v2\/posts\/3612\/revisions"}],"predecessor-version":[{"id":3628,"href":"https:\/\/www.jagd-amberg.de\/index.php?rest_route=\/wp\/v2\/posts\/3612\/revisions\/3628"}],"wp:featuredmedia":[{"embeddable":true,"href":"https:\/\/www.jagd-amberg.de\/index.php?rest_route=\/wp\/v2\/media\/3602"}],"wp:attachment":[{"href":"https:\/\/www.jagd-amberg.de\/index.php?rest_route=%2Fwp%2Fv2%2Fmedia&parent=3612"}],"wp:term":[{"taxonomy":"category","embeddable":true,"href":"https:\/\/www.jagd-amberg.de\/index.php?rest_route=%2Fwp%2Fv2%2Fcategories&post=3612"},{"taxonomy":"post_tag","embeddable":true,"href":"https:\/\/www.jagd-amberg.de\/index.php?rest_route=%2Fwp%2Fv2%2Ftags&post=3612"}],"curies":[{"name":"wp","href":"https:\/\/api.w.org\/{rel}","templated":true}]}}