{"id":3840,"date":"2025-08-16T13:31:00","date_gmt":"2025-08-16T11:31:00","guid":{"rendered":"https:\/\/www.jagd-amberg.de\/?p=3840"},"modified":"2025-10-27T13:42:58","modified_gmt":"2025-10-27T12:42:58","slug":"ferienprogramm-in-edelsfeld","status":"publish","type":"post","link":"https:\/\/www.jagd-amberg.de\/?p=3840","title":{"rendered":"Ferienprogramm in Edelsfeld"},"content":{"rendered":"\n<p>Mit dem Bollerwagen \u00fcber Stock und Stein ging es beim Edelsfelder Ferienprogramm am 06.08.2025. \u00dcber den Pirschweg am Hahnenkamm zum Waldlehrpfad im Eiselbachtal wanderten wir bis zur Kneippstation in Oberreinbach.<\/p>\n\n\n\n<p>Unter der Organisation von Heidi Hiltel trafen sich 13 Kinder, zwei Begleiter und ein J\u00e4ger mit zwei Gehilfen bei wundersch\u00f6nem Ausflugswetter am Hahnenkamm. Nach einem kurzen Fu\u00dfweg ging es direkt zum Eingang des gro\u00dfartig angelegten Pirschweges. Zu Beginn hat der J\u00e4ger Andreas Geilersd\u00f6rfer der BJV-Kreisgruppe Amberg den Kindern die Regeln des Waldes n\u00e4her gebracht. \u201eHunde an die Leine\u201c, \u201ekein Feuer\u201c, \u201ekeine Wildtiere anfassen\u201c, \u201ekeinen M\u00fcll hinterlassen\u201c, \u201eauf den Wegen bleiben\u201c und \u201enicht schreiend durch den Wald laufen\u201c war f\u00fcr die Kids eine Selbstverst\u00e4ndlichkeit.<\/p>\n\n\n\n<div style=\"height:20px\" aria-hidden=\"true\" class=\"wp-block-spacer\"><\/div>\n\n\n\n<figure class=\"wp-block-image size-large\"><img loading=\"lazy\" width=\"1024\" height=\"768\" src=\"https:\/\/www.jagd-amberg.de\/wp-content\/uploads\/2025\/10\/250806_Ferienprogramm-Edelsfeld_6-1024x768.jpg\" alt=\"\" class=\"wp-image-3836\" srcset=\"https:\/\/www.jagd-amberg.de\/wp-content\/uploads\/2025\/10\/250806_Ferienprogramm-Edelsfeld_6-1024x768.jpg 1024w, https:\/\/www.jagd-amberg.de\/wp-content\/uploads\/2025\/10\/250806_Ferienprogramm-Edelsfeld_6-300x225.jpg 300w, https:\/\/www.jagd-amberg.de\/wp-content\/uploads\/2025\/10\/250806_Ferienprogramm-Edelsfeld_6-768x576.jpg 768w, https:\/\/www.jagd-amberg.de\/wp-content\/uploads\/2025\/10\/250806_Ferienprogramm-Edelsfeld_6-1536x1152.jpg 1536w, https:\/\/www.jagd-amberg.de\/wp-content\/uploads\/2025\/10\/250806_Ferienprogramm-Edelsfeld_6.jpg 2048w\" sizes=\"(max-width: 1024px) 100vw, 1024px\" \/><figcaption><em>J\u00e4ger Andreas Geilersd\u00f6rfer erkl\u00e4rt den Kindern die Regeln des Waldes<\/em><\/figcaption><\/figure>\n\n\n\n<div style=\"height:20px\" aria-hidden=\"true\" class=\"wp-block-spacer\"><\/div>\n\n\n\n<p>Nach dem kurzen Intro kamen wir zur ersten Station. Eine Decke mit allerhand Geweihen, Sch\u00e4deln, \u00c4sten und etwas M\u00fcll waren von dem J\u00e4ger Andreas Geilerd\u00f6rfer und den Gehilfen Leon und Luca ausgebreitet worden. Dort gab es Geweihe vom Rothirsch, Damhirsch und Rehbock mit den Abwurfstangen zu sehen. Die Unterschiede zwischen den einzelnen Tierarten waren schnell erkl\u00e4rt. Dass das Reh nicht das Kind vom Hirsch ist, war zur Freude des J\u00e4gers den Kindern bekannt. Ein Raubtiergebiss konnte, dank der Pr\u00e4parate, von einem Allesfressergebiss leicht unterschieden werden. Auch die Waffen, wie die J\u00e4ger die Eckz\u00e4hne der Keiler bezeichnen, waren sehr beindruckend. Die heimischen B\u00e4ume wie Eiche, Kiefer, Kastanie, Buche, Ahorn, waren schnell erkl\u00e4rt. Der Unterschied zwischen Fichte und der besonders sch\u00fctzenswerten Tanne konnten auf dem Weg an einem Beispiel sch\u00f6n erkl\u00e4rt werden. Nun ging es noch darum den M\u00fcll auszusortieren. Wo kommt was hin? Und wie lange braucht der M\u00fcll, um aus der Natur zu verschwinden? Da ziehen viele, viele Jahre ins Land. Deshalb wurde der M\u00fcll schnell recycelt.<\/p>\n\n\n\n<div style=\"height:20px\" aria-hidden=\"true\" class=\"wp-block-spacer\"><\/div>\n\n\n\n<figure class=\"wp-container-2 wp-block-gallery-1 wp-block-gallery has-nested-images columns-2 is-cropped\">\n<figure class=\"wp-block-image size-large\"><img loading=\"lazy\" width=\"1536\" height=\"2048\" data-id=\"3831\"  src=\"https:\/\/www.jagd-amberg.de\/wp-content\/uploads\/2025\/10\/250806_Ferienprogramm-Edelsfeld_1.jpg\" alt=\"\" class=\"wp-image-3831\" srcset=\"https:\/\/www.jagd-amberg.de\/wp-content\/uploads\/2025\/10\/250806_Ferienprogramm-Edelsfeld_1.jpg 1536w, https:\/\/www.jagd-amberg.de\/wp-content\/uploads\/2025\/10\/250806_Ferienprogramm-Edelsfeld_1-225x300.jpg 225w, https:\/\/www.jagd-amberg.de\/wp-content\/uploads\/2025\/10\/250806_Ferienprogramm-Edelsfeld_1-768x1024.jpg 768w, https:\/\/www.jagd-amberg.de\/wp-content\/uploads\/2025\/10\/250806_Ferienprogramm-Edelsfeld_1-1152x1536.jpg 1152w\" sizes=\"(max-width: 1536px) 100vw, 1536px\" \/><\/figure>\n\n\n\n<figure class=\"wp-block-image size-large\"><img loading=\"lazy\" width=\"1536\" height=\"2048\" data-id=\"3833\"  src=\"https:\/\/www.jagd-amberg.de\/wp-content\/uploads\/2025\/10\/250806_Ferienprogramm-Edelsfeld_3.jpg\" alt=\"\" class=\"wp-image-3833\" srcset=\"https:\/\/www.jagd-amberg.de\/wp-content\/uploads\/2025\/10\/250806_Ferienprogramm-Edelsfeld_3.jpg 1536w, https:\/\/www.jagd-amberg.de\/wp-content\/uploads\/2025\/10\/250806_Ferienprogramm-Edelsfeld_3-225x300.jpg 225w, https:\/\/www.jagd-amberg.de\/wp-content\/uploads\/2025\/10\/250806_Ferienprogramm-Edelsfeld_3-768x1024.jpg 768w, https:\/\/www.jagd-amberg.de\/wp-content\/uploads\/2025\/10\/250806_Ferienprogramm-Edelsfeld_3-1152x1536.jpg 1152w\" sizes=\"(max-width: 1536px) 100vw, 1536px\" \/><\/figure>\n\n\n\n<figure class=\"wp-block-image size-large\"><img loading=\"lazy\" width=\"2048\" height=\"1536\" data-id=\"3838\"  src=\"https:\/\/www.jagd-amberg.de\/wp-content\/uploads\/2025\/10\/250806_Ferienprogramm-Edelsfeld_8.jpg\" alt=\"\" class=\"wp-image-3838\" srcset=\"https:\/\/www.jagd-amberg.de\/wp-content\/uploads\/2025\/10\/250806_Ferienprogramm-Edelsfeld_8.jpg 2048w, https:\/\/www.jagd-amberg.de\/wp-content\/uploads\/2025\/10\/250806_Ferienprogramm-Edelsfeld_8-300x225.jpg 300w, https:\/\/www.jagd-amberg.de\/wp-content\/uploads\/2025\/10\/250806_Ferienprogramm-Edelsfeld_8-1024x768.jpg 1024w, https:\/\/www.jagd-amberg.de\/wp-content\/uploads\/2025\/10\/250806_Ferienprogramm-Edelsfeld_8-768x576.jpg 768w, https:\/\/www.jagd-amberg.de\/wp-content\/uploads\/2025\/10\/250806_Ferienprogramm-Edelsfeld_8-1536x1152.jpg 1536w\" sizes=\"(max-width: 2048px) 100vw, 2048px\" \/><\/figure>\n\n\n\n<figure class=\"wp-block-image size-large\"><img loading=\"lazy\" width=\"2048\" height=\"1536\" data-id=\"3839\"  src=\"https:\/\/www.jagd-amberg.de\/wp-content\/uploads\/2025\/10\/250806_Ferienprogramm-Edelsfeld_9.jpg\" alt=\"\" class=\"wp-image-3839\" srcset=\"https:\/\/www.jagd-amberg.de\/wp-content\/uploads\/2025\/10\/250806_Ferienprogramm-Edelsfeld_9.jpg 2048w, https:\/\/www.jagd-amberg.de\/wp-content\/uploads\/2025\/10\/250806_Ferienprogramm-Edelsfeld_9-300x225.jpg 300w, https:\/\/www.jagd-amberg.de\/wp-content\/uploads\/2025\/10\/250806_Ferienprogramm-Edelsfeld_9-1024x768.jpg 1024w, https:\/\/www.jagd-amberg.de\/wp-content\/uploads\/2025\/10\/250806_Ferienprogramm-Edelsfeld_9-768x576.jpg 768w, https:\/\/www.jagd-amberg.de\/wp-content\/uploads\/2025\/10\/250806_Ferienprogramm-Edelsfeld_9-1536x1152.jpg 1536w\" sizes=\"(max-width: 2048px) 100vw, 2048px\" \/><\/figure>\n<figcaption class=\"blocks-gallery-caption\">Schon an der ersten Station gab es vieles zu entdecken<\/figcaption><\/figure>\n\n\n\n<div style=\"height:50px\" aria-hidden=\"true\" class=\"wp-block-spacer\"><\/div>\n\n\n\n<p>Nun ging es aber los auf den 600 m langen Pirschweg. Mit 31 lebensgro\u00dfen und detailgetreuen Aufstellern von Reh \u00fcber Wildschwein, Eichh\u00f6rnchen, G\u00e4nse und Enten und vielen mehr gab es einiges zu entdecken. Allesamt mit informativen Erkl\u00e4rtafeln ausgestatten ist der Pirschweg auch ohne fachkundige Person wie einem J\u00e4ger wundersch\u00f6n zu erkunden. Bei einigen Tafel wurden die Stimmen der Tiere von den Helfern Leon und Luca abgespielt oder von Andreas Geilersd\u00f6rfer imitiert.<\/p>\n\n\n\n<p>Nach den vielen Informationen gab es kurz hinter dem Pirschweg eine kleine Brotzeit. Mit \u00c4pfel, Karotten und Getr\u00e4nken waren die Kinder schnell wieder gest\u00e4rkt. Dass hier kein M\u00fcll zur\u00fcck bleibt und wieder alles im Bollerwagen verstaut wurde, war f\u00fcr alle eine Selbstverst\u00e4ndlichkeit.<\/p>\n\n\n\n<div style=\"height:20px\" aria-hidden=\"true\" class=\"wp-block-spacer\"><\/div>\n\n\n\n<figure class=\"wp-block-image size-large\"><img loading=\"lazy\" width=\"1024\" height=\"768\" src=\"https:\/\/www.jagd-amberg.de\/wp-content\/uploads\/2025\/10\/250806_Ferienprogramm-Edelsfeld_2-1024x768.jpg\" alt=\"\" class=\"wp-image-3832\" srcset=\"https:\/\/www.jagd-amberg.de\/wp-content\/uploads\/2025\/10\/250806_Ferienprogramm-Edelsfeld_2-1024x768.jpg 1024w, https:\/\/www.jagd-amberg.de\/wp-content\/uploads\/2025\/10\/250806_Ferienprogramm-Edelsfeld_2-300x225.jpg 300w, https:\/\/www.jagd-amberg.de\/wp-content\/uploads\/2025\/10\/250806_Ferienprogramm-Edelsfeld_2-768x576.jpg 768w, https:\/\/www.jagd-amberg.de\/wp-content\/uploads\/2025\/10\/250806_Ferienprogramm-Edelsfeld_2-1536x1152.jpg 1536w, https:\/\/www.jagd-amberg.de\/wp-content\/uploads\/2025\/10\/250806_Ferienprogramm-Edelsfeld_2.jpg 2048w\" sizes=\"(max-width: 1024px) 100vw, 1024px\" \/><figcaption>Eine St\u00e4rkung muss sein!<\/figcaption><\/figure>\n\n\n\n<div style=\"height:20px\" aria-hidden=\"true\" class=\"wp-block-spacer\"><\/div>\n\n\n\n<p>Bei der Wanderung durch den Wald \u00fcber Wurzeln und Steine ging es zum Waldlehrpfad. Hier war die Baumstation der n\u00e4chste Halt. An der Rinde kann man erkennen um welche Baumart es sich handelt. Interessant war auch, dass die Baumst\u00e4mme aufgeklappt werden k\u00f6nnen. So k\u00f6nnen auch die Farbe des Holzes und die Baumringe begutachtet werden.<\/p>\n\n\n\n<p>Die n\u00e4chste Station war das Ziel am Kneippbecken bei Oberreinbach. Hier konnten sich die Beteiligten abk\u00fchlen und eine Runde kneipen. Bei Schnittlauchbrot, frischen Tomaten und Karotten konnte man schnell wieder Kr\u00e4fte sammeln. Zum Schluss wurden noch Postkarten mit Wiesenblumen gebastelt. Und zu guter Letzt gab es f\u00fcr alle Kinder eine T\u00fcte mit Malb\u00fcchern, Tierstickern und F\u00e4hrtenb\u00fcchern.<\/p>\n\n\n\n<div style=\"height:20px\" aria-hidden=\"true\" class=\"wp-block-spacer\"><\/div>\n\n\n\n<figure class=\"wp-container-4 wp-block-gallery-3 wp-block-gallery has-nested-images columns-default is-cropped\">\n<figure class=\"wp-block-image size-large\"><img loading=\"lazy\" width=\"2048\" height=\"1536\" data-id=\"3837\"  src=\"https:\/\/www.jagd-amberg.de\/wp-content\/uploads\/2025\/10\/250806_Ferienprogramm-Edelsfeld_7-e1761568292641.jpg\" alt=\"\" class=\"wp-image-3837\" srcset=\"https:\/\/www.jagd-amberg.de\/wp-content\/uploads\/2025\/10\/250806_Ferienprogramm-Edelsfeld_7-e1761568292641.jpg 2048w, https:\/\/www.jagd-amberg.de\/wp-content\/uploads\/2025\/10\/250806_Ferienprogramm-Edelsfeld_7-e1761568292641-300x225.jpg 300w, https:\/\/www.jagd-amberg.de\/wp-content\/uploads\/2025\/10\/250806_Ferienprogramm-Edelsfeld_7-e1761568292641-1024x768.jpg 1024w, https:\/\/www.jagd-amberg.de\/wp-content\/uploads\/2025\/10\/250806_Ferienprogramm-Edelsfeld_7-e1761568292641-768x576.jpg 768w, https:\/\/www.jagd-amberg.de\/wp-content\/uploads\/2025\/10\/250806_Ferienprogramm-Edelsfeld_7-e1761568292641-1536x1152.jpg 1536w\" sizes=\"(max-width: 2048px) 100vw, 2048px\" \/><\/figure>\n\n\n\n<figure class=\"wp-block-image size-large\"><img loading=\"lazy\" width=\"2048\" height=\"1536\" data-id=\"3834\"  src=\"https:\/\/www.jagd-amberg.de\/wp-content\/uploads\/2025\/10\/250806_Ferienprogramm-Edelsfeld_4.jpg\" alt=\"\" class=\"wp-image-3834\" srcset=\"https:\/\/www.jagd-amberg.de\/wp-content\/uploads\/2025\/10\/250806_Ferienprogramm-Edelsfeld_4.jpg 2048w, https:\/\/www.jagd-amberg.de\/wp-content\/uploads\/2025\/10\/250806_Ferienprogramm-Edelsfeld_4-300x225.jpg 300w, https:\/\/www.jagd-amberg.de\/wp-content\/uploads\/2025\/10\/250806_Ferienprogramm-Edelsfeld_4-1024x768.jpg 1024w, https:\/\/www.jagd-amberg.de\/wp-content\/uploads\/2025\/10\/250806_Ferienprogramm-Edelsfeld_4-768x576.jpg 768w, https:\/\/www.jagd-amberg.de\/wp-content\/uploads\/2025\/10\/250806_Ferienprogramm-Edelsfeld_4-1536x1152.jpg 1536w\" sizes=\"(max-width: 2048px) 100vw, 2048px\" \/><\/figure>\n<figcaption class=\"blocks-gallery-caption\">Am Ziel in Oberreinbach gab es eine Abk\u00fchlung im Kneippbecken<\/figcaption><\/figure>\n\n\n\n<div style=\"height:50px\" aria-hidden=\"true\" class=\"wp-block-spacer\"><\/div>\n\n\n\n<p><strong>Andreas Geilersd\u00f6fer<\/strong>, 3. Vorsitzender und Junge-J\u00e4ger-Beauftragter der BJV-Kreisgruppe Amberg<\/p>\n","protected":false},"excerpt":{"rendered":"<p>Mit dem Bollerwagen \u00fcber Stock und Stein ging es beim Edelsfelder Ferienprogramm am 06.08.2025. \u00dcber den Pirschweg am Hahnenkamm zum Waldlehrpfad im Eiselbachtal wanderten wir bis zur Kneippstation in Oberreinbach. Unter der Organisation&#46;&#46;&#46;<\/p>\n","protected":false},"author":1,"featured_media":3833,"comment_status":"closed","ping_status":"closed","sticky":false,"template":"","format":"standard","meta":[],"categories":[89],"tags":[88,54,87],"_links":{"self":[{"href":"https:\/\/www.jagd-amberg.de\/index.php?rest_route=\/wp\/v2\/posts\/3840"}],"collection":[{"href":"https:\/\/www.jagd-amberg.de\/index.php?rest_route=\/wp\/v2\/posts"}],"about":[{"href":"https:\/\/www.jagd-amberg.de\/index.php?rest_route=\/wp\/v2\/types\/post"}],"author":[{"embeddable":true,"href":"https:\/\/www.jagd-amberg.de\/index.php?rest_route=\/wp\/v2\/users\/1"}],"replies":[{"embeddable":true,"href":"https:\/\/www.jagd-amberg.de\/index.php?rest_route=%2Fwp%2Fv2%2Fcomments&post=3840"}],"version-history":[{"count":4,"href":"https:\/\/www.jagd-amberg.de\/index.php?rest_route=\/wp\/v2\/posts\/3840\/revisions"}],"predecessor-version":[{"id":3845,"href":"https:\/\/www.jagd-amberg.de\/index.php?rest_route=\/wp\/v2\/posts\/3840\/revisions\/3845"}],"wp:featuredmedia":[{"embeddable":true,"href":"https:\/\/www.jagd-amberg.de\/index.php?rest_route=\/wp\/v2\/media\/3833"}],"wp:attachment":[{"href":"https:\/\/www.jagd-amberg.de\/index.php?rest_route=%2Fwp%2Fv2%2Fmedia&parent=3840"}],"wp:term":[{"taxonomy":"category","embeddable":true,"href":"https:\/\/www.jagd-amberg.de\/index.php?rest_route=%2Fwp%2Fv2%2Fcategories&post=3840"},{"taxonomy":"post_tag","embeddable":true,"href":"https:\/\/www.jagd-amberg.de\/index.php?rest_route=%2Fwp%2Fv2%2Ftags&post=3840"}],"curies":[{"name":"wp","href":"https:\/\/api.w.org\/{rel}","templated":true}]}}