{"id":3917,"date":"2025-10-26T11:58:00","date_gmt":"2025-10-26T10:58:00","guid":{"rendered":"https:\/\/www.jagd-amberg.de\/?p=3917"},"modified":"2025-11-20T12:52:06","modified_gmt":"2025-11-20T11:52:06","slug":"hundefuehrerlehrgang-und-brauchbarkeitspruefung-2025","status":"publish","type":"post","link":"https:\/\/www.jagd-amberg.de\/?p=3917","title":{"rendered":"Hundef\u00fchrerlehrgang und Brauchbarkeitspr\u00fcfung 2025"},"content":{"rendered":"\n<p>Der diesj\u00e4hrige Hundef\u00fchrerlehrgang der BJV-Kreisgruppe Amberg in Wolfsbach war ein sehr starker. Schon bei der Dressurpr\u00fcfung im Juli traten 19 Jagdhundegespanne an und wurden erfolgreich gepr\u00fcft und das mit sehr hohen Punktzahlen.<\/p>\n\n\n\n<p>Ebenso verhielt es sich bei den Begleithunden. Jede Woche erschienen 15 Gespanne zu den \u00dcbungsstunden und alle bestanden am Ende mit einem beachtlichen Ergebnis die Begleithundepr\u00fcfung.<\/p>\n\n\n\n<p>Die Brauchbarkeitspr\u00fcfung fand am 27.\/ 28. September im Revier Wolfsbach und in den angrenzenden Bayerischen Staatsforsten statt. Es wurde das Modul A, Stufe 1+2 angeboten, d.h. Schwei\u00dfarbeit, Gehorsam, Leinenf\u00fchrigkeit, Standtreiben, sowie die Schleppenarbeit mit Kaninchen und Federwild.<\/p>\n\n\n\n<p>17 Gespanne absolvierten mit Erfolg das Modul A, Stufe 1, von diesen entschieden sich 7 Gespanne dazu, anschlie\u00dfend noch die Stufe 2 anzutreten, welche ebenfalls alle bestens bestanden.<\/p>\n\n\n\n<div style=\"height:20px\" aria-hidden=\"true\" class=\"wp-block-spacer\"><\/div>\n\n\n\n<figure class=\"wp-block-image size-large\"><img loading=\"lazy\" width=\"1024\" height=\"472\" src=\"https:\/\/www.jagd-amberg.de\/wp-content\/uploads\/2025\/11\/250928_BP-2025-1-e1763638513547-1024x472.jpg\" alt=\"\" class=\"wp-image-3918\" srcset=\"https:\/\/www.jagd-amberg.de\/wp-content\/uploads\/2025\/11\/250928_BP-2025-1-e1763638513547-1024x472.jpg 1024w, https:\/\/www.jagd-amberg.de\/wp-content\/uploads\/2025\/11\/250928_BP-2025-1-e1763638513547-300x138.jpg 300w, https:\/\/www.jagd-amberg.de\/wp-content\/uploads\/2025\/11\/250928_BP-2025-1-e1763638513547-768x354.jpg 768w, https:\/\/www.jagd-amberg.de\/wp-content\/uploads\/2025\/11\/250928_BP-2025-1-e1763638513547-1536x708.jpg 1536w, https:\/\/www.jagd-amberg.de\/wp-content\/uploads\/2025\/11\/250928_BP-2025-1-e1763638513547.jpg 1843w\" sizes=\"(max-width: 1024px) 100vw, 1024px\" \/><figcaption><em>Hundeobfrau Ute Ehebauer (2. v.l.) mit den Teilnehmern, Richtern und Helfern der Brauchbarkeitspr\u00fcfung 2025<\/em><\/figcaption><\/figure>\n\n\n\n<div style=\"height:20px\" aria-hidden=\"true\" class=\"wp-block-spacer\"><\/div>\n\n\n\n<p>Au\u00dferdem waren in diesem Jahr viele Jagdhunderassen vertreten: Zwei Deutsch Drahthaar, Irisch Setter, Kleiner M\u00fcnsterl\u00e4nder, Labrador, Deutsch Wachtel, Foxterrier, zwei Jagdterrier, Bracke, drei Bayerische Gebirgsschwei\u00dfhunde, Kurzhaardackel und f\u00fcnf Rauhaardackel.<\/p>\n\n\n\n<p>Nach der Pr\u00fcfung fand ein gem\u00fctliches Beisammensein im Sch\u00fctzenheim Wolfsbach statt. Dort wurden die Urkunden mit einem Erinnerungsgeschenk vom 1. Vorsitzenden Ruppert Schmid sowie der Hundeobfrau Ute Ehebauer an die einzelnen Pr\u00fcflinge \u00fcberreicht.<\/p>\n\n\n\n<div style=\"height:20px\" aria-hidden=\"true\" class=\"wp-block-spacer\"><\/div>\n\n\n\n<figure class=\"wp-container-2 wp-block-gallery-1 wp-block-gallery has-nested-images columns-default is-cropped\">\n<figure class=\"wp-block-image size-large\"><img loading=\"lazy\" width=\"1186\" height=\"1600\" data-id=\"3924\"  src=\"https:\/\/www.jagd-amberg.de\/wp-content\/uploads\/2025\/11\/250928_BP-2025-10.jpg\" alt=\"\" class=\"wp-image-3924\" srcset=\"https:\/\/www.jagd-amberg.de\/wp-content\/uploads\/2025\/11\/250928_BP-2025-10.jpg 1186w, https:\/\/www.jagd-amberg.de\/wp-content\/uploads\/2025\/11\/250928_BP-2025-10-222x300.jpg 222w, https:\/\/www.jagd-amberg.de\/wp-content\/uploads\/2025\/11\/250928_BP-2025-10-759x1024.jpg 759w, https:\/\/www.jagd-amberg.de\/wp-content\/uploads\/2025\/11\/250928_BP-2025-10-768x1036.jpg 768w, https:\/\/www.jagd-amberg.de\/wp-content\/uploads\/2025\/11\/250928_BP-2025-10-1139x1536.jpg 1139w\" sizes=\"(max-width: 1186px) 100vw, 1186px\" \/><\/figure>\n\n\n\n<figure class=\"wp-block-image size-large\"><img loading=\"lazy\" width=\"1200\" height=\"1600\" data-id=\"3921\"  src=\"https:\/\/www.jagd-amberg.de\/wp-content\/uploads\/2025\/11\/250928_BP-2025-6.jpg\" alt=\"\" class=\"wp-image-3921\" srcset=\"https:\/\/www.jagd-amberg.de\/wp-content\/uploads\/2025\/11\/250928_BP-2025-6.jpg 1200w, https:\/\/www.jagd-amberg.de\/wp-content\/uploads\/2025\/11\/250928_BP-2025-6-225x300.jpg 225w, https:\/\/www.jagd-amberg.de\/wp-content\/uploads\/2025\/11\/250928_BP-2025-6-768x1024.jpg 768w, https:\/\/www.jagd-amberg.de\/wp-content\/uploads\/2025\/11\/250928_BP-2025-6-1152x1536.jpg 1152w\" sizes=\"(max-width: 1200px) 100vw, 1200px\" \/><\/figure>\n\n\n\n<figure class=\"wp-block-image size-large\"><img loading=\"lazy\" width=\"1600\" height=\"1566\" data-id=\"3922\"  src=\"https:\/\/www.jagd-amberg.de\/wp-content\/uploads\/2025\/11\/250928_BP-2025-7.jpg\" alt=\"\" class=\"wp-image-3922\" srcset=\"https:\/\/www.jagd-amberg.de\/wp-content\/uploads\/2025\/11\/250928_BP-2025-7.jpg 1600w, https:\/\/www.jagd-amberg.de\/wp-content\/uploads\/2025\/11\/250928_BP-2025-7-300x294.jpg 300w, https:\/\/www.jagd-amberg.de\/wp-content\/uploads\/2025\/11\/250928_BP-2025-7-1024x1002.jpg 1024w, https:\/\/www.jagd-amberg.de\/wp-content\/uploads\/2025\/11\/250928_BP-2025-7-768x752.jpg 768w, https:\/\/www.jagd-amberg.de\/wp-content\/uploads\/2025\/11\/250928_BP-2025-7-1536x1503.jpg 1536w\" sizes=\"(max-width: 1600px) 100vw, 1600px\" \/><\/figure>\n<figcaption class=\"blocks-gallery-caption\"><em>\u00dcberreichung der Urkunden und gem\u00fctliches Beisammensein nach der Brauchbarkeitspr\u00fcfung<\/em><\/figcaption><\/figure>\n\n\n\n<div style=\"height:50px\" aria-hidden=\"true\" class=\"wp-block-spacer\"><\/div>\n\n\n\n<p>F\u00fcr beste Schwei\u00dfarbeiten wurden folgende Gespanne hervorgehoben:<br>&#8211; Froni v. Heideplaggen KLM mit Maximilian K\u00f6ppel<br>&#8211; Adelheid Faust v. Stromberg KT mit Antonia Gr\u00e4fin zu Eltz und <br>&#8211; der Suchensieger als j\u00fcngster Hund, Bellezza v.d. Roteichen mit Andreas Br\u00e4u. <\/p>\n\n\n\n<p>Eine kleine Bl\u00e4sergruppe, die sich spontan aus Hundef\u00fchrern, G\u00e4sten und Richtern bildete, umrahmte die Feierlichkeiten mit festlichen H\u00f6rnerkl\u00e4ngen. Hierf\u00fcr ein Waidmannsdank an Carlo Geilersd\u00f6rfer, Bodo Wolf, Martin Wopperer, Katharina Grabinger und Sonja Peisker.<\/p>\n\n\n\n<div style=\"height:20px\" aria-hidden=\"true\" class=\"wp-block-spacer\"><\/div>\n\n\n\n<figure class=\"wp-block-image size-large\"><img loading=\"lazy\" width=\"1024\" height=\"922\" src=\"https:\/\/www.jagd-amberg.de\/wp-content\/uploads\/2025\/11\/250928_BP-2025-11-1024x922.jpg\" alt=\"\" class=\"wp-image-3925\" srcset=\"https:\/\/www.jagd-amberg.de\/wp-content\/uploads\/2025\/11\/250928_BP-2025-11-1024x922.jpg 1024w, https:\/\/www.jagd-amberg.de\/wp-content\/uploads\/2025\/11\/250928_BP-2025-11-300x270.jpg 300w, https:\/\/www.jagd-amberg.de\/wp-content\/uploads\/2025\/11\/250928_BP-2025-11-768x692.jpg 768w, https:\/\/www.jagd-amberg.de\/wp-content\/uploads\/2025\/11\/250928_BP-2025-11-1536x1383.jpg 1536w, https:\/\/www.jagd-amberg.de\/wp-content\/uploads\/2025\/11\/250928_BP-2025-11.jpg 1600w\" sizes=\"(max-width: 1024px) 100vw, 1024px\" \/><figcaption><em>Spontane musikalische Umrahmung durch die anwesenden Bl\u00e4ser<\/em><\/figcaption><\/figure>\n\n\n\n<div style=\"height:20px\" aria-hidden=\"true\" class=\"wp-block-spacer\"><\/div>\n\n\n\n<p>Ebenso vielen herzlichen Dank an die Richter Walter Biersack, Josef Schmidt, Michael Streber, Franz Ehebauer, Andreas Irle, Michael Krottenthaler, Carlo Geilersd\u00f6rfer, Katharina Grabinger und Ruppert Schmid. Es ist nicht selbstverst\u00e4ndlich, dass man sich ein Wochenende f\u00fcr eine Hundepr\u00fcfung Zeit nimmt.<\/p>\n\n\n\n<p>F\u00fcr das Bereitstellen der Reviere Wolfsbach und den Bayerischen Staatsforsten bedankte sich der 1. Vorsitzende der Kreisgruppe Amberg, Ruppert Schmid bei Franz Ehebauer sowie dem Revierleiter J\u00fcrgen F\u00e4rber mit einem kr\u00e4ftigen Waidmannsdank!<\/p>\n\n\n\n<div style=\"height:20px\" aria-hidden=\"true\" class=\"wp-block-spacer\"><\/div>\n\n\n\n<figure class=\"wp-container-4 wp-block-gallery-3 wp-block-gallery has-nested-images columns-default is-cropped\">\n<figure class=\"wp-block-image size-large\"><img loading=\"lazy\" width=\"1200\" height=\"1600\" data-id=\"3926\"  src=\"https:\/\/www.jagd-amberg.de\/wp-content\/uploads\/2025\/11\/250928_BP-2025-12.jpg\" alt=\"\" class=\"wp-image-3926\" srcset=\"https:\/\/www.jagd-amberg.de\/wp-content\/uploads\/2025\/11\/250928_BP-2025-12.jpg 1200w, https:\/\/www.jagd-amberg.de\/wp-content\/uploads\/2025\/11\/250928_BP-2025-12-225x300.jpg 225w, https:\/\/www.jagd-amberg.de\/wp-content\/uploads\/2025\/11\/250928_BP-2025-12-768x1024.jpg 768w, https:\/\/www.jagd-amberg.de\/wp-content\/uploads\/2025\/11\/250928_BP-2025-12-1152x1536.jpg 1152w\" sizes=\"(max-width: 1200px) 100vw, 1200px\" \/><\/figure>\n\n\n\n<figure class=\"wp-block-image size-large\"><img loading=\"lazy\" width=\"1159\" height=\"1600\" data-id=\"3920\"  src=\"https:\/\/www.jagd-amberg.de\/wp-content\/uploads\/2025\/11\/250928_BP-2025-5.jpg\" alt=\"\" class=\"wp-image-3920\" srcset=\"https:\/\/www.jagd-amberg.de\/wp-content\/uploads\/2025\/11\/250928_BP-2025-5.jpg 1159w, https:\/\/www.jagd-amberg.de\/wp-content\/uploads\/2025\/11\/250928_BP-2025-5-217x300.jpg 217w, https:\/\/www.jagd-amberg.de\/wp-content\/uploads\/2025\/11\/250928_BP-2025-5-742x1024.jpg 742w, https:\/\/www.jagd-amberg.de\/wp-content\/uploads\/2025\/11\/250928_BP-2025-5-768x1060.jpg 768w, https:\/\/www.jagd-amberg.de\/wp-content\/uploads\/2025\/11\/250928_BP-2025-5-1113x1536.jpg 1113w\" sizes=\"(max-width: 1159px) 100vw, 1159px\" \/><\/figure>\n<figcaption class=\"blocks-gallery-caption\"><em>1. Vorsitzender Ruppert Schmid lobt das unerm\u00fcdliche Engagement der Hundeobfrau Ute Ehebauer und \u00fcberreicht zum Dank einen Blumenstrau\u00df<\/em><\/figcaption><\/figure>\n\n\n\n<div style=\"height:50px\" aria-hidden=\"true\" class=\"wp-block-spacer\"><\/div>\n\n\n\n<p>Zum Abschluss des diesj\u00e4hrigen Hundef\u00fchrerlehrgangs fand am 19. Oktober noch die Pr\u00fcfung \u201eWasserarbeit\u201c mit lebender Ente Modul A, Stufe 3 statt. Diese Veranstaltung wurde in einer Arbeitsgemeinschaft mit dem S\u00fcddeutschen Club Langhaar im Rahmen einer HZP abgehalten. Der Pr\u00fcfungsort war dieses Mal das Revier Etsdorf, an einem der Pr\u00fcfungsordnung entsprechenden Weiher. Hier stellten sich 5 Gespanne den Anforderungen, 4 bestanden mit Bravour, einer musste wegen Fehlverhalten ausscheiden.<\/p>\n\n\n\n<div style=\"height:10px\" aria-hidden=\"true\" class=\"wp-block-spacer\"><\/div>\n\n\n\n<p><strong>Ute Ehebauer<\/strong>, Hundeobfrau der BJV-Kreisgruppe Amberg<\/p>\n","protected":false},"excerpt":{"rendered":"<p>Der diesj\u00e4hrige Hundef\u00fchrerlehrgang der BJV-Kreisgruppe Amberg in Wolfsbach war ein sehr starker. Schon bei der Dressurpr\u00fcfung im Juli traten 19 Jagdhundegespanne an und wurden erfolgreich gepr\u00fcft und das mit sehr hohen Punktzahlen. Ebenso&#46;&#46;&#46;<\/p>\n","protected":false},"author":1,"featured_media":3922,"comment_status":"closed","ping_status":"closed","sticky":false,"template":"","format":"standard","meta":[],"categories":[4],"tags":[28,42,29],"_links":{"self":[{"href":"https:\/\/www.jagd-amberg.de\/index.php?rest_route=\/wp\/v2\/posts\/3917"}],"collection":[{"href":"https:\/\/www.jagd-amberg.de\/index.php?rest_route=\/wp\/v2\/posts"}],"about":[{"href":"https:\/\/www.jagd-amberg.de\/index.php?rest_route=\/wp\/v2\/types\/post"}],"author":[{"embeddable":true,"href":"https:\/\/www.jagd-amberg.de\/index.php?rest_route=\/wp\/v2\/users\/1"}],"replies":[{"embeddable":true,"href":"https:\/\/www.jagd-amberg.de\/index.php?rest_route=%2Fwp%2Fv2%2Fcomments&post=3917"}],"version-history":[{"count":2,"href":"https:\/\/www.jagd-amberg.de\/index.php?rest_route=\/wp\/v2\/posts\/3917\/revisions"}],"predecessor-version":[{"id":3929,"href":"https:\/\/www.jagd-amberg.de\/index.php?rest_route=\/wp\/v2\/posts\/3917\/revisions\/3929"}],"wp:featuredmedia":[{"embeddable":true,"href":"https:\/\/www.jagd-amberg.de\/index.php?rest_route=\/wp\/v2\/media\/3922"}],"wp:attachment":[{"href":"https:\/\/www.jagd-amberg.de\/index.php?rest_route=%2Fwp%2Fv2%2Fmedia&parent=3917"}],"wp:term":[{"taxonomy":"category","embeddable":true,"href":"https:\/\/www.jagd-amberg.de\/index.php?rest_route=%2Fwp%2Fv2%2Fcategories&post=3917"},{"taxonomy":"post_tag","embeddable":true,"href":"https:\/\/www.jagd-amberg.de\/index.php?rest_route=%2Fwp%2Fv2%2Ftags&post=3917"}],"curies":[{"name":"wp","href":"https:\/\/api.w.org\/{rel}","templated":true}]}}